{"id":98307,"date":"2016-01-03T20:35:27","date_gmt":"2016-01-03T23:35:27","guid":{"rendered":"http:\/\/www.r2cpress.com.br\/v1\/?p=98307"},"modified":"2016-01-03T20:35:27","modified_gmt":"2016-01-03T23:35:27","slug":"luiz-viana-toma-posse-para-segundo-mandato-como-presidente-da-oab-ba","status":"publish","type":"post","link":"https:\/\/www.r2cpress.com.br\/v1\/2016\/01\/03\/luiz-viana-toma-posse-para-segundo-mandato-como-presidente-da-oab-ba\/","title":{"rendered":"Luiz Viana toma posse para segundo mandato como presidente da OAB-BA"},"content":{"rendered":"<p><strong>Nova diretoria da OAB-BA: tesoureira Daniela Borges, presidente Luiz Viana, vice-presidente Ana Patr\u00edcia Dantas Le\u00e3o, secret\u00e1rio-geral Carlos Medauar Reis e secret\u00e1rio-geral adjunto Pedro Nizan Gurgel.<\/strong><\/p>\n<p>&nbsp;<\/p>\n<div style=\"width: 589px\" class=\"wp-caption aligncenter\"><img loading=\"lazy\" class=\"\" src=\"http:\/\/cdn-oab.cworks.com.br\/\/uploads\/RTEmagicC_diretoria_oab_01012016.jpg.jpg\" alt=\"\" width=\"579\" height=\"434\" \/><p class=\"wp-caption-text\">Ba<\/p><\/div>\n<p>Reeleito em novembro, o advogado Luiz Viana Queiroz iniciou nesta sexta-feira, dia 1\u00ba de janeiro, seu segundo mandato como presidente da Ordem dos Advogados do Brasil Se\u00e7\u00e3o Bahia. Ele foi empossado em cerim\u00f4nia realizada \u00e0s 17h no Audit\u00f3rio Teixeira de Freitas, na sede da Seccional, na Rua Port\u00e3o da Piedade, juntamente com a sua nova diretoria, formada pela vice-presidente Ana Patr\u00edcia Dantas Le\u00e3o, pelo secret\u00e1rio-geral Carlos Medauar Reis, pelo secret\u00e1rio-geral adjunto Pedro Nizan Gurgel e pela tesoureira Daniela Borges. Na oportunidade, foram empossados tamb\u00e9m o novo presidente da Caixa de Assist\u00eancia dos Advogados da Bahia (CAAB), Luiz Augusto Coutinho, e sua diretoria. O ato foi administrativo, a posse solene de todo o conselho ser\u00e1 no dia 21 de janeiro, na Reitoria da UFBA.<\/p>\n<p>A mesa alta da cerim\u00f4nia contou ainda com presen\u00e7a dos novos conselheiros federais Fabr\u00edcio de Castro Oliveira, Inana Campos e Maur\u00edcio Vasconcelos, do expresidente da OAB-BA Thomas Bacellar, e do conselheiro decano Adilson Affonso de Castro, que comandou a forma\u00e7\u00e3o da mesa e deu posse ao presidente Luiz Viana. &#8220;Um dia da semana complicado, por que \u00e9 um feriado, no entanto estamos com este audit\u00f3rio repleto de advogados dando todo apoio, pois a posse de Luiz Viana hoje significa esperan\u00e7a, sonhos, defesa das prerrogativas, melhorias para os advogados e combate \u00e0 corrup\u00e7\u00e3o&#8221;, afirmou Adilson. &#8220;E eu como um companheiro dele das primeiras horas tenho certeza que Luiz Viana vai fazer uma \u00f3tima administra\u00e7\u00e3o, ainda melhor que a anterior&#8221;, completou.<\/p>\n<div style=\"width: 610px\" class=\"wp-caption aligncenter\"><img loading=\"lazy\" src=\"http:\/\/www.oab-ba.org.br\/typo3temp\/pics\/637e58e0ee.jpg\" alt=\"\" width=\"600\" height=\"431\" \/><p class=\"wp-caption-text\">(Foto: Angelino de Jesus\/OAB-BA)<\/p><\/div>\n<p>Ap\u00f3s tomar posse, Luiz Viana passou a presidir a mesa e em seu discurso ressaltou que buscar\u00e1 a unidade da advocacia na Bahia. &#8220;Unidade, que seja essa a minha primeira palavra como presidente reeleito. Atrav\u00e9s da unidade vamos fortalecer a nossa entidade para enfrentar os desafios que n\u00f3s temos pela frente&#8221; declarou. Relembrando palestra recente de um grande mediador internacional, Viana destacou que dois grandes elementos que causam conflitos s\u00e3o medo e exclus\u00e3o. &#8220;Eu espero que n\u00f3s possamos trabalhar com destemor e inclus\u00e3o. Destemor de enfrentar as crises que n\u00f3s haveremos de vivenciar em 2016. Crise econ\u00f4mica, crise pol\u00edtica, crise moral, crise ambiental, mas para n\u00f3s da advocacia sobretudo uma crise de mercado. Uma crise grave que exclui muitos colegas. E um dos nossos grandes desafios ser\u00e1 enfrentar com destemor a inclus\u00e3o de todos os colegas advogados que est\u00e3o sendo exclu\u00eddos&#8221;. destacou.<\/p>\n<p>Viana agradeceu \u00e0 sua primeira diretoria, &#8220;uma excepcional diretoria&#8221;, declarou, e disse que para que um projeto de unidade d\u00ea certo ele tem que partir do pressuposto de princ\u00edpios, programas e projetos comuns. &#8220;Os valores s\u00e3o aqueles que a OAB tem defendido ao longo de 85 anos, sobretudo a defesa do Estado Democr\u00e1tico de Direito, dos direitos humanos e da justi\u00e7a social. Os programas e projetos s\u00e3o aqueles que n\u00f3s apresentamos na campanha. Portanto n\u00f3s temos tr\u00eas anos para realizar e implementar o programa que n\u00f3s apresentamos aos nosso colegas, e que foi n\u00e3o apenas acolhido, foi referendado pela vit\u00f3ria que n\u00f3s tivemos&#8221;, afirmou.<\/p>\n<div style=\"width: 610px\" class=\"wp-caption aligncenter\"><img loading=\"lazy\" class=\"\" src=\"http:\/\/www.oab-ba.org.br\/typo3temp\/pics\/f5c85923b5.jpg\" alt=\"\" width=\"600\" height=\"431\" \/><p class=\"wp-caption-text\">Ba<\/p><\/div>\n<p>O novo presidente da Caixa de Assist\u00eancia dos Advogados da Bahia (CAAB), Luiz Augusto Coutinho, prometeu agilidade, comprometimento, respeito, empenho e ainda mais dedica\u00e7\u00e3o em prol dos colegas, tanto da capital quanto do interior, e muitas novidades na gest\u00e3o. &#8220;Vamos utilizar novas tecnologias para que a tradicional CAAB avance com a qualidade que o advogado merece. O objetivo \u00e9 priorizar a amplia\u00e7\u00e3o de servi\u00e7os e oferecer melhorias&#8221;, revelou.<\/p>\n<p><strong>Reelei\u00e7\u00e3o<\/strong><\/p>\n<p>No dia 25 de novembro de 2015, Luiz Viana Queiroz foi reeleito presidente da OAB da Bahia com 9.519 votos (55,09% do total de eleitores), cerca de quatro mil votos a mais que o segundo colocado, que contabilizou 5.514 votos (31,91%). O terceiro colocado ficou com 991 votos (5,74%), o quarto teve 596 votos (3,45%). Nulos foram 395 (2,29%), e brancos, 263<\/p>\n<p>&#8212;<\/p>\n<p><strong>OAB=BA<\/strong><\/p>\n<p>http:\/\/www.oab-ba.org.br\/single-noticias\/noticia\/luiz-viana-toma-posse-para-segundo-mandato-como-presidente-da-oab-ba\/?cHash=3e61cb4b14dcb0b4bae6ee1b665a7ab8<\/p>\n","protected":false},"excerpt":{"rendered":"<p>Nova diretoria da OAB-BA: tesoureira Daniela Borges, presidente Luiz Viana, vice-presidente Ana Patr\u00edcia Dantas Le\u00e3o, secret\u00e1rio-geral Carlos Medauar Reis e secret\u00e1rio-geral adjunto Pedro Nizan Gurgel. &nbsp; Reeleito em novembro, o advogado Luiz Viana Queiroz iniciou nesta sexta-feira, dia 1\u00ba de janeiro, seu segundo mandato como presidente da Ordem dos Advogados do Brasil Se\u00e7\u00e3o Bahia. Ele [&hellip;]<\/p>\n","protected":false},"author":2,"featured_media":0,"comment_status":"open","ping_status":"open","sticky":false,"template":"","format":"standard","meta":{"_links_to":"","_links_to_target":""},"categories":[13,16],"tags":[],"_links":{"self":[{"href":"https:\/\/www.r2cpress.com.br\/v1\/wp-json\/wp\/v2\/posts\/98307"}],"collection":[{"href":"https:\/\/www.r2cpress.com.br\/v1\/wp-json\/wp\/v2\/posts"}],"about":[{"href":"https:\/\/www.r2cpress.com.br\/v1\/wp-json\/wp\/v2\/types\/post"}],"author":[{"embeddable":true,"href":"https:\/\/www.r2cpress.com.br\/v1\/wp-json\/wp\/v2\/users\/2"}],"replies":[{"embeddable":true,"href":"https:\/\/www.r2cpress.com.br\/v1\/wp-json\/wp\/v2\/comments?post=98307"}],"version-history":[{"count":4,"href":"https:\/\/www.r2cpress.com.br\/v1\/wp-json\/wp\/v2\/posts\/98307\/revisions"}],"predecessor-version":[{"id":98311,"href":"https:\/\/www.r2cpress.com.br\/v1\/wp-json\/wp\/v2\/posts\/98307\/revisions\/98311"}],"wp:attachment":[{"href":"https:\/\/www.r2cpress.com.br\/v1\/wp-json\/wp\/v2\/media?parent=98307"}],"wp:term":[{"taxonomy":"category","embeddable":true,"href":"https:\/\/www.r2cpress.com.br\/v1\/wp-json\/wp\/v2\/categories?post=98307"},{"taxonomy":"post_tag","embeddable":true,"href":"https:\/\/www.r2cpress.com.br\/v1\/wp-json\/wp\/v2\/tags?post=98307"}],"curies":[{"name":"wp","href":"https:\/\/api.w.org\/{rel}","templated":true}]}}