{"id":98324,"date":"2016-01-04T19:16:23","date_gmt":"2016-01-04T22:16:23","guid":{"rendered":"http:\/\/www.r2cpress.com.br\/v1\/?p=98324"},"modified":"2016-01-04T20:06:31","modified_gmt":"2016-01-04T23:06:31","slug":"defesa-civil-de-ilheus-alerta-para-chuva-nos-proximos-dias","status":"publish","type":"post","link":"https:\/\/www.r2cpress.com.br\/v1\/2016\/01\/04\/defesa-civil-de-ilheus-alerta-para-chuva-nos-proximos-dias\/","title":{"rendered":"Defesa Civil de Ilh\u00e9us alerta para chuva nos pr\u00f3ximos dias"},"content":{"rendered":"<p><i>Somente nas \u00faltimas 12h choveu 64,5mm no territ\u00f3rio ilheense, ap\u00f3s per\u00edodo de mais de 100 dias de estiagem<\/i><\/p>\n<div id=\"attachment_98327\" style=\"width: 610px\" class=\"wp-caption aligncenter\"><a href=\"http:\/\/www.r2cpress.com.br\/v1\/wp-content\/uploads\/2016\/01\/Vista-da-Ba\u00eda-do-Pontal-nesta-tarde-de-segunda-04-em-Ilh\u00e9us.jpg\"><img aria-describedby=\"caption-attachment-98327\" loading=\"lazy\" class=\"size-full wp-image-98327\" src=\"http:\/\/www.r2cpress.com.br\/v1\/wp-content\/uploads\/2016\/01\/Vista-da-Ba\u00eda-do-Pontal-nesta-tarde-de-segunda-04-em-Ilh\u00e9us.jpg\" alt=\"Vista da Ba\u00eda do Pontal, nesta tarde de segunda, 04, em Ilh\u00e9us\" width=\"600\" height=\"400\" srcset=\"https:\/\/www.r2cpress.com.br\/v1\/wp-content\/uploads\/2016\/01\/Vista-da-Ba\u00eda-do-Pontal-nesta-tarde-de-segunda-04-em-Ilh\u00e9us.jpg 600w, https:\/\/www.r2cpress.com.br\/v1\/wp-content\/uploads\/2016\/01\/Vista-da-Ba\u00eda-do-Pontal-nesta-tarde-de-segunda-04-em-Ilh\u00e9us-300x200.jpg 300w\" sizes=\"(max-width: 600px) 100vw, 600px\" \/><\/a><p id=\"caption-attachment-98327\" class=\"wp-caption-text\">Vista da Ba\u00eda do Pontal, nesta tarde de segunda, 04, em Ilh\u00e9us<\/p><\/div>\n<div>A Defesa Civil de Ilh\u00e9us alerta \u00e0 popula\u00e7\u00e3o sobre a previs\u00e3o de chuva para os pr\u00f3ximos tr\u00eas dias. Segundo informa\u00e7\u00f5es do Centro Nacional de Monitoramento e Desastre Naturais (Cemaden), no fim da noite de domingo, 03, e in\u00edcio da madrugada desta segunda-feira, 04, choveu aproximadamente por tr\u00eas horas na cidade, o suficiente para somar65 mil\u00edmetros.<br \/>\nDe acordo com o coordenador da Defesa Civil,JoandreNeres,a chuva dessa madrugada causou alagamentos em alguns pontos, como a regi\u00e3o central, no bairro Nelson Costa e zona norte, al\u00e9m de pequenos deslizamentos de terra em \u00e1reas altas.Em caso de emerg\u00eancias, o contato com o \u00f3rg\u00e3o pode ser feito pelo telefone (73) 98881-8500.<br \/>\nNesta segunda, a ag\u00eancia Climatempo emitiu alerta de temporal para a regi\u00e3o sul da Bahia, com previs\u00e3o de raios e fortes rajadas de vento. A equipe da Defesa Civil est\u00e1 de plant\u00e3o para atender casos de moradores de \u00e1reas de risco que apresentem anormalidades, como ind\u00edcios de deslizamentos de terra em morros.<\/div>\n","protected":false},"excerpt":{"rendered":"<p>Somente nas \u00faltimas 12h choveu 64,5mm no territ\u00f3rio ilheense, ap\u00f3s per\u00edodo de mais de 100 dias de estiagem A Defesa Civil de Ilh\u00e9us alerta \u00e0 popula\u00e7\u00e3o sobre a previs\u00e3o de chuva para os pr\u00f3ximos tr\u00eas dias. Segundo informa\u00e7\u00f5es do Centro Nacional de Monitoramento e Desastre Naturais (Cemaden), no fim da noite de domingo, 03, e [&hellip;]<\/p>\n","protected":false},"author":2,"featured_media":0,"comment_status":"open","ping_status":"open","sticky":false,"template":"","format":"standard","meta":{"_links_to":"","_links_to_target":""},"categories":[23],"tags":[],"_links":{"self":[{"href":"https:\/\/www.r2cpress.com.br\/v1\/wp-json\/wp\/v2\/posts\/98324"}],"collection":[{"href":"https:\/\/www.r2cpress.com.br\/v1\/wp-json\/wp\/v2\/posts"}],"about":[{"href":"https:\/\/www.r2cpress.com.br\/v1\/wp-json\/wp\/v2\/types\/post"}],"author":[{"embeddable":true,"href":"https:\/\/www.r2cpress.com.br\/v1\/wp-json\/wp\/v2\/users\/2"}],"replies":[{"embeddable":true,"href":"https:\/\/www.r2cpress.com.br\/v1\/wp-json\/wp\/v2\/comments?post=98324"}],"version-history":[{"count":3,"href":"https:\/\/www.r2cpress.com.br\/v1\/wp-json\/wp\/v2\/posts\/98324\/revisions"}],"predecessor-version":[{"id":98328,"href":"https:\/\/www.r2cpress.com.br\/v1\/wp-json\/wp\/v2\/posts\/98324\/revisions\/98328"}],"wp:attachment":[{"href":"https:\/\/www.r2cpress.com.br\/v1\/wp-json\/wp\/v2\/media?parent=98324"}],"wp:term":[{"taxonomy":"category","embeddable":true,"href":"https:\/\/www.r2cpress.com.br\/v1\/wp-json\/wp\/v2\/categories?post=98324"},{"taxonomy":"post_tag","embeddable":true,"href":"https:\/\/www.r2cpress.com.br\/v1\/wp-json\/wp\/v2\/tags?post=98324"}],"curies":[{"name":"wp","href":"https:\/\/api.w.org\/{rel}","templated":true}]}}