{"id":98489,"date":"2016-01-14T01:11:05","date_gmt":"2016-01-14T04:11:05","guid":{"rendered":"http:\/\/www.r2cpress.com.br\/v1\/?p=98489"},"modified":"2016-01-14T01:11:34","modified_gmt":"2016-01-14T04:11:34","slug":"apos-posse-em-brasilia-novo-diretor-da-ceplac-tera-ato-solene-na-sexta-feira-15","status":"publish","type":"post","link":"https:\/\/www.r2cpress.com.br\/v1\/2016\/01\/14\/apos-posse-em-brasilia-novo-diretor-da-ceplac-tera-ato-solene-na-sexta-feira-15\/","title":{"rendered":"Ap\u00f3s posse em Bras\u00edlia, novo Diretor da Ceplac ter\u00e1 ato solene na sexta-feira (15)"},"content":{"rendered":"<p>Ap\u00f3s formalizar sua investidura no cargo em um ato administrativo na Coordena\u00e7\u00e3o Geral do Gabinete da ministra K\u00e1tia Abreu, em Bras\u00edlia (DF), na segunda-feira (11), o novo Diretor da Comiss\u00e3o Executiva do Plano da Lavoura Cacaueira (Ceplac), S\u00e9rgio Murilo Correia Menezes, ter\u00e1 um ato solene na sede regional do \u00f3rg\u00e3o, na rodovia Ilh\u00e9us-Itabuna, na sexta-feira (15). Ser\u00e1 uma reuni\u00e3o aberta aos servidores, produtores e autoridades, \u00e0s 15 horas, no audit\u00f3rio H\u00e9lio Reis, para marcar o in\u00edcio de sua nova gest\u00e3o.<\/p>\n<p>S\u00e9rgio Murilo, 53 anos, \u00e9 Engenheiro Agr\u00f4nomo formado pela Escola de Agronomia da Universidade Federal da Bahia, em Cruz das Almas. \u00c9 servidor p\u00fablico federal lotado na Ceplac desde maio de 1986. Al\u00e9m de fun\u00e7\u00f5es anteriores em outros \u00f3rg\u00e3os p\u00fablicos \u2013 estaduais e municipais \u2013, na Ceplac atuou como chefe do Escrit\u00f3rio Local do Munic\u00edpio de Uba\u00edra (BA) \u2013 agosto de 1986 a dezembro de 1997; e de mar\u00e7o\/2001 a dezembro\/2005.<\/p>\n<p>Atuou como fomentador da cria\u00e7\u00e3o da equipe t\u00e9cnica da Agricultura Familiar do Escrit\u00f3rio Local da Ceplac em Ilh\u00e9us, exercendo a fun\u00e7\u00e3o de coordenador da equipe no per\u00edodo de abril\/2006 a maio\/2007. Tamb\u00e9m foi assessor t\u00e9cnico do Centro de Extens\u00e3o da Ceplac \u2013 Bahia no per\u00edodo de setembro de 2007 a dezembro de 2008.<\/p>\n<p>De dezembro de 2008 at\u00e9 dezembro de 2015, exerceu o cargo de chefe do Centro de Extens\u00e3o da Ceplac \u2013 Bahia, coordenando a\u00e7\u00f5es de Assist\u00eancia T\u00e9cnica e Extens\u00e3o Rural de sete n\u00facleos regionais de Extens\u00e3o, 49 escrit\u00f3rios locais, um Posto Avan\u00e7ado, Granja Experimental Carlos Brand\u00e3o e Esta\u00e7\u00e3o de Piscicultura, al\u00e9m de exercer o cargo de Superintendente Substituto do Estado da Bahia. Representou a Ceplac &#8211; Bahia na condi\u00e7\u00e3o de membro titular do Conselho Estadual de Desenvolvimento Rural Sustent\u00e1vel \u2013 CEDRS.<\/p>\n<p>Servi\u00e7o<\/p>\n<p>O que:\u00a0Reuni\u00e3o de trabalho\/ato solene<\/p>\n<p>Quem:\u00a0S\u00e9rgio Murilo Correia Menezes \u2013 Diretor-geral da Ceplac<\/p>\n<p>Quando:\u00a0Sexta-feira (11), \u00e0s 15 horas<\/p>\n<p>Onde:\u00a0Audit\u00f3rio da sede regional da Ceplac \u2013 Rodovia Ilh\u00e9us-Itabuna, KM 22<\/p>\n","protected":false},"excerpt":{"rendered":"<p>Ap\u00f3s formalizar sua investidura no cargo em um ato administrativo na Coordena\u00e7\u00e3o Geral do Gabinete da ministra K\u00e1tia Abreu, em Bras\u00edlia (DF), na segunda-feira (11), o novo Diretor da Comiss\u00e3o Executiva do Plano da Lavoura Cacaueira (Ceplac), S\u00e9rgio Murilo Correia Menezes, ter\u00e1 um ato solene na sede regional do \u00f3rg\u00e3o, na rodovia Ilh\u00e9us-Itabuna, na sexta-feira [&hellip;]<\/p>\n","protected":false},"author":2,"featured_media":0,"comment_status":"open","ping_status":"open","sticky":false,"template":"","format":"standard","meta":{"_links_to":"","_links_to_target":""},"categories":[3],"tags":[],"_links":{"self":[{"href":"https:\/\/www.r2cpress.com.br\/v1\/wp-json\/wp\/v2\/posts\/98489"}],"collection":[{"href":"https:\/\/www.r2cpress.com.br\/v1\/wp-json\/wp\/v2\/posts"}],"about":[{"href":"https:\/\/www.r2cpress.com.br\/v1\/wp-json\/wp\/v2\/types\/post"}],"author":[{"embeddable":true,"href":"https:\/\/www.r2cpress.com.br\/v1\/wp-json\/wp\/v2\/users\/2"}],"replies":[{"embeddable":true,"href":"https:\/\/www.r2cpress.com.br\/v1\/wp-json\/wp\/v2\/comments?post=98489"}],"version-history":[{"count":1,"href":"https:\/\/www.r2cpress.com.br\/v1\/wp-json\/wp\/v2\/posts\/98489\/revisions"}],"predecessor-version":[{"id":98490,"href":"https:\/\/www.r2cpress.com.br\/v1\/wp-json\/wp\/v2\/posts\/98489\/revisions\/98490"}],"wp:attachment":[{"href":"https:\/\/www.r2cpress.com.br\/v1\/wp-json\/wp\/v2\/media?parent=98489"}],"wp:term":[{"taxonomy":"category","embeddable":true,"href":"https:\/\/www.r2cpress.com.br\/v1\/wp-json\/wp\/v2\/categories?post=98489"},{"taxonomy":"post_tag","embeddable":true,"href":"https:\/\/www.r2cpress.com.br\/v1\/wp-json\/wp\/v2\/tags?post=98489"}],"curies":[{"name":"wp","href":"https:\/\/api.w.org\/{rel}","templated":true}]}}