{"id":98500,"date":"2016-01-14T12:13:56","date_gmt":"2016-01-14T15:13:56","guid":{"rendered":"http:\/\/www.r2cpress.com.br\/v1\/?p=98500"},"modified":"2016-01-14T12:13:56","modified_gmt":"2016-01-14T15:13:56","slug":"lavagem-do-bonfim-une-cultura-fe-e-devocao-popular","status":"publish","type":"post","link":"https:\/\/www.r2cpress.com.br\/v1\/2016\/01\/14\/lavagem-do-bonfim-une-cultura-fe-e-devocao-popular\/","title":{"rendered":"Lavagem do Bonfim une cultura, f\u00e9 e devo\u00e7\u00e3o popular"},"content":{"rendered":"<p>A beleza das baianas, a devo\u00e7\u00e3o dos fi\u00e9is, o colorido das fitinhas e o som e o ritmo de diversos grupos da cultura popular compuseram o cen\u00e1rio de uma das mais tradicionais manifesta\u00e7\u00f5es culturais e religiosas da Bahia. Na abertura dos festejos em homenagem ao Senhor do Bonfim, o governador Rui Costa, o ministro da Cultura, Juca Ferreira e o secret\u00e1rio de Cultura da Bahia, Jorge Portugal, acompanhados de secret\u00e1rios de Estado e de outras autoridades, participaram de ato ecum\u00eanico no adro Bas\u00edlica Santu\u00e1rio Nossa Senhora da Concei\u00e7\u00e3o da Praia, no bairro do Com\u00e9rcio.<div id=\"attachment_98501\" style=\"width: 610px\" class=\"wp-caption aligncenter\"><a href=\"http:\/\/www.r2cpress.com.br\/v1\/wp-content\/uploads\/2016\/01\/14_01_2016_Lavagem-do-Bonfim_Cr\u00e9d.-Rosilda_Cruz.jpg\"><img aria-describedby=\"caption-attachment-98501\" loading=\"lazy\" src=\"http:\/\/www.r2cpress.com.br\/v1\/wp-content\/uploads\/2016\/01\/14_01_2016_Lavagem-do-Bonfim_Cr\u00e9d.-Rosilda_Cruz.jpg\" alt=\"14_01_2016_Lavagem do Bonfim_Cr\u00e9d. Rosilda_Cruz\" width=\"600\" height=\"400\" class=\"size-full wp-image-98501\" srcset=\"https:\/\/www.r2cpress.com.br\/v1\/wp-content\/uploads\/2016\/01\/14_01_2016_Lavagem-do-Bonfim_Cr\u00e9d.-Rosilda_Cruz.jpg 600w, https:\/\/www.r2cpress.com.br\/v1\/wp-content\/uploads\/2016\/01\/14_01_2016_Lavagem-do-Bonfim_Cr\u00e9d.-Rosilda_Cruz-300x200.jpg 300w\" sizes=\"(max-width: 600px) 100vw, 600px\" \/><\/a><p id=\"caption-attachment-98501\" class=\"wp-caption-text\">14_01_2016_Lavagem do Bonfim_Cr\u00e9d. Rosilda_Cruz<\/p><\/div> \u201cCreio que a ess\u00eancia da alma da Bahia est\u00e1 aqui, pois essa festa preserva essa mistura de cores, de credos, de pessoas e de prop\u00f3sitos. Por isso mesmo, a Lavagem do Bonfim pode ser considerada um exemplo de conviv\u00eancia, toler\u00e2ncia e paz para todo o mundo\u201d, disse Jorge Portugal, pouco antes do in\u00edcio do ato inter-religioso na manh\u00e3 desta quinta-feira (14).<\/p>\n<p>Antes de seguir junto aos fi\u00e9is em dire\u00e7\u00e3o \u00e0 Colina Sagrada, onde fica a Igreja do Senhor do Bonfim, para acompanhar a tradicional lavagem das escadarias, realizada pelas baianas, o governador Rui Costa falou da gratid\u00e3o ap\u00f3s o primeiro ano de governo. \u201cTenho muitos motivos para agradecer, principalmente pela sa\u00fade da minha fam\u00edlia. Tamb\u00e9m vou pedir paz para todos os baianos e sa\u00fade para continuar trabalhando por esse estado\u201d, afirmou.<\/p>\n<p>Entre os grupos culturais que percorreram os oito quil\u00f4metros de caminhada at\u00e9 a igreja, est\u00e3o o Grupo Cara Pintada Lustosa, do munic\u00edpio de Teodoro Sampaio, o Afox\u00e9 Filhos de Ghandy, o microtrio de Ivan Huol e as caretas.<\/p>\n","protected":false},"excerpt":{"rendered":"<p>A beleza das baianas, a devo\u00e7\u00e3o dos fi\u00e9is, o colorido das fitinhas e o som e o ritmo de diversos grupos da cultura popular compuseram o cen\u00e1rio de uma das mais tradicionais manifesta\u00e7\u00f5es culturais e religiosas da Bahia. Na abertura dos festejos em homenagem ao Senhor do Bonfim, o governador Rui Costa, o ministro da [&hellip;]<\/p>\n","protected":false},"author":2,"featured_media":0,"comment_status":"open","ping_status":"open","sticky":false,"template":"","format":"standard","meta":{"_links_to":"","_links_to_target":""},"categories":[13,29,28],"tags":[],"_links":{"self":[{"href":"https:\/\/www.r2cpress.com.br\/v1\/wp-json\/wp\/v2\/posts\/98500"}],"collection":[{"href":"https:\/\/www.r2cpress.com.br\/v1\/wp-json\/wp\/v2\/posts"}],"about":[{"href":"https:\/\/www.r2cpress.com.br\/v1\/wp-json\/wp\/v2\/types\/post"}],"author":[{"embeddable":true,"href":"https:\/\/www.r2cpress.com.br\/v1\/wp-json\/wp\/v2\/users\/2"}],"replies":[{"embeddable":true,"href":"https:\/\/www.r2cpress.com.br\/v1\/wp-json\/wp\/v2\/comments?post=98500"}],"version-history":[{"count":1,"href":"https:\/\/www.r2cpress.com.br\/v1\/wp-json\/wp\/v2\/posts\/98500\/revisions"}],"predecessor-version":[{"id":98502,"href":"https:\/\/www.r2cpress.com.br\/v1\/wp-json\/wp\/v2\/posts\/98500\/revisions\/98502"}],"wp:attachment":[{"href":"https:\/\/www.r2cpress.com.br\/v1\/wp-json\/wp\/v2\/media?parent=98500"}],"wp:term":[{"taxonomy":"category","embeddable":true,"href":"https:\/\/www.r2cpress.com.br\/v1\/wp-json\/wp\/v2\/categories?post=98500"},{"taxonomy":"post_tag","embeddable":true,"href":"https:\/\/www.r2cpress.com.br\/v1\/wp-json\/wp\/v2\/tags?post=98500"}],"curies":[{"name":"wp","href":"https:\/\/api.w.org\/{rel}","templated":true}]}}