{"id":98568,"date":"2016-01-19T16:41:02","date_gmt":"2016-01-19T19:41:02","guid":{"rendered":"http:\/\/www.r2cpress.com.br\/v1\/?p=98568"},"modified":"2016-01-19T16:41:02","modified_gmt":"2016-01-19T19:41:02","slug":"ilheus-sao-sebastiao-2016","status":"publish","type":"post","link":"https:\/\/www.r2cpress.com.br\/v1\/2016\/01\/19\/ilheus-sao-sebastiao-2016\/","title":{"rendered":"ILH\u00c9US \/ S\u00c3O SEBASTI\u00c3O &#8211; 2016"},"content":{"rendered":"<p><em>Ilh\u00e9us comemora Dia de S\u00e3o Sebasti\u00e3o com celebra\u00e7\u00f5es religiosas<\/em><\/p>\n<p>A programa\u00e7\u00e3o cat\u00f3lica contempla missa, \u00e0s 9 horas, com o padre Aldemiro Sena, caminhada de f\u00e9 pelas principais ruas da cidade, \u00e0s 17 horas, e uma segunda celebra\u00e7\u00e3o eucar\u00edstica, \u00e0s 19 horas, com o padre Gerson Santos<\/p>\n<p>\u3000<\/p>\n<p>Os ilheenses comemoram o Dia de S\u00e3o Sebasti\u00e3o nesta quarta-feira, 20 de janeiro, com uma vasta programa\u00e7\u00e3o religiosa, organizada pela Par\u00f3quia de S\u00e3o Jorge, que encerra o noven\u00e1rio iniciado no \u00faltimo dia 11, com o tema &#8220;Alegremo-nos em Jesus, O Rosto Misericordioso do Pai!&#8221;. \u00c0s 9h, na Catedral de S\u00e3o Sebasti\u00e3o, uma celebra\u00e7\u00e3o eucar\u00edstica ser\u00e1 presidida pelo padre Aldemiro Sena; \u00e0s 17h, haver\u00e1 prociss\u00e3o pelas principais ruas e avenidas do centro da cidade, e \u00e0s 19h, segunda celebra\u00e7\u00e3o eucar\u00edstica, desta vez presidida pelo padre G\u00e9rson Santos.<\/p>\n<p>Em Ilh\u00e9us, S\u00e3o Sebasti\u00e3o \u00e9 o santo padroeiro da Catedral e dos Estivadores locais. Durante muito tempo, a data de 20 de janeiro foi feriado no munic\u00edpio. Como o santo padroeiro oficial da cidade \u00e9 S\u00e3o Jorge, os comerciantes locais reivindicaram o fim de mais um feriado religioso. Mas a influ\u00eancia de S\u00e3o Sebasti\u00e3o na comunidade local \u00e9 comemorada desde a festa popular da Puxada do Mastro, realizada no segundo domingo de janeiro, na Est\u00e2ncia de Oliven\u00e7a, at\u00e9 a Festa da Lavagem das Escadarias da Catedral, ocorrida no \u00faltimo s\u00e1bado, 16.<\/p>\n<p>O padre Aldemiro Sena, vig\u00e1rio geral de Ilh\u00e9us, lembra que S\u00e3o Sebasti\u00e3o, um dos crist\u00e3os assassinados pelo imp\u00e9rio romano, &#8220;\u00e9 um belo exemplo de vida crist\u00e3. Apesar de ter sido brutalmente martirizado, ele nunca negou suas cren\u00e7as e sua f\u00e9 inabal\u00e1vel. Durante sua exist\u00eancia e por meio dela, o amor de Cristo foi permanentemente derramado na vida de milhares de pessoas&#8221;, conta.<\/p>\n<p>Catedral\u00a0&#8211;\u00a0A imponente Catedral de S\u00e3o Sebasti\u00e3o \u00e9 considerada um dos pontos tur\u00edsticos mais visitados de Ilh\u00e9us e um dos principais\u2013cart\u00f5es postais da cidade. A professora e historiadora Maria Luiza Heine explica que, em 1927, &#8220;no apagar das luzes do primeiro governo de M\u00e1rio Pessoa, foi determinada a demoli\u00e7\u00e3o da capela de S\u00e3o Sebasti\u00e3o visando \u00e0 constru\u00e7\u00e3o de uma catedral em seu lugar. Em estilo considerado ecl\u00e9tico, o projeto foi feito pelo arquiteto Salom\u00e3o da Silveira e Dom Frei Eduardo Jos\u00e9 Herberold, bispo rec\u00e9m-chegado, benzeu o terreno em 1931.&#8221;<\/p>\n<p>Este templo da igreja cat\u00f3lica representou o sonho da comunidade ilheense por mais tr\u00eas d\u00e9cadas. Ele simboliza o sonho do bispo Dom Eduardo, que iniciou as obras, tendo sido sepultado na pr\u00f3pria igreja. At\u00e9 hoje, \u00e9 motivo de idolatria e admira\u00e7\u00e3o, sendo considerado santo por muitos fi\u00e9is. A catedral foi inaugurada em 1967, ap\u00f3s mais de 30 anos de constru\u00e7\u00e3o.<\/p>\n<p>A festa em homenagem ao padroeiro da Catedral Diocesana e dos Estivadores do Munic\u00edpio \u00e9 realizada desde meados da primeira d\u00e9cada do s\u00e9culo XX. Com o passar do tempo, al\u00e9m da prociss\u00e3o e da missa solene, o evento passou a incorporar uma s\u00e9rie de manifesta\u00e7\u00f5es profanas, informa Maria Luiza.<\/p>\n<p>\u00a0<\/p>\n","protected":false},"excerpt":{"rendered":"<p>Ilh\u00e9us comemora Dia de S\u00e3o Sebasti\u00e3o com celebra\u00e7\u00f5es religiosas A programa\u00e7\u00e3o cat\u00f3lica contempla missa, \u00e0s 9 horas, com o padre Aldemiro Sena, caminhada de f\u00e9 pelas principais ruas da cidade, \u00e0s 17 horas, e uma segunda celebra\u00e7\u00e3o eucar\u00edstica, \u00e0s 19 horas, com o padre Gerson Santos \u3000 Os ilheenses comemoram o Dia de S\u00e3o Sebasti\u00e3o [&hellip;]<\/p>\n","protected":false},"author":2,"featured_media":0,"comment_status":"open","ping_status":"open","sticky":false,"template":"","format":"standard","meta":{"_links_to":"","_links_to_target":""},"categories":[14,1,28],"tags":[],"_links":{"self":[{"href":"https:\/\/www.r2cpress.com.br\/v1\/wp-json\/wp\/v2\/posts\/98568"}],"collection":[{"href":"https:\/\/www.r2cpress.com.br\/v1\/wp-json\/wp\/v2\/posts"}],"about":[{"href":"https:\/\/www.r2cpress.com.br\/v1\/wp-json\/wp\/v2\/types\/post"}],"author":[{"embeddable":true,"href":"https:\/\/www.r2cpress.com.br\/v1\/wp-json\/wp\/v2\/users\/2"}],"replies":[{"embeddable":true,"href":"https:\/\/www.r2cpress.com.br\/v1\/wp-json\/wp\/v2\/comments?post=98568"}],"version-history":[{"count":2,"href":"https:\/\/www.r2cpress.com.br\/v1\/wp-json\/wp\/v2\/posts\/98568\/revisions"}],"predecessor-version":[{"id":98570,"href":"https:\/\/www.r2cpress.com.br\/v1\/wp-json\/wp\/v2\/posts\/98568\/revisions\/98570"}],"wp:attachment":[{"href":"https:\/\/www.r2cpress.com.br\/v1\/wp-json\/wp\/v2\/media?parent=98568"}],"wp:term":[{"taxonomy":"category","embeddable":true,"href":"https:\/\/www.r2cpress.com.br\/v1\/wp-json\/wp\/v2\/categories?post=98568"},{"taxonomy":"post_tag","embeddable":true,"href":"https:\/\/www.r2cpress.com.br\/v1\/wp-json\/wp\/v2\/tags?post=98568"}],"curies":[{"name":"wp","href":"https:\/\/api.w.org\/{rel}","templated":true}]}}