{"id":98607,"date":"2016-01-21T19:37:34","date_gmt":"2016-01-21T22:37:34","guid":{"rendered":"http:\/\/www.r2cpress.com.br\/v1\/?p=98607"},"modified":"2016-01-21T19:37:34","modified_gmt":"2016-01-21T22:37:34","slug":"olodum-durval-lelys-e-a-vingadora-estao-entre-as-atracoes-do-carnaval-antecipado-de-ilheus","status":"publish","type":"post","link":"https:\/\/www.r2cpress.com.br\/v1\/2016\/01\/21\/olodum-durval-lelys-e-a-vingadora-estao-entre-as-atracoes-do-carnaval-antecipado-de-ilheus\/","title":{"rendered":"Olodum, Durval L\u00e9lys e A Vingadora est\u00e3o entre as atra\u00e7\u00f5es do Carnaval Antecipado de Ilh\u00e9us"},"content":{"rendered":"<p><em>Bandas de renome nacional v\u00e3o comandar a folia em Ilh\u00e9us, ao lado de artistas consagrados na regi\u00e3o<\/em><\/p>\n<p>A Prefeitura de Ilh\u00e9us, por meio da comiss\u00e3o organizadora do Carnaval Antecipado, definiu as atra\u00e7\u00f5es que v\u00e3o desfilar em trios el\u00e9tricos pela Avenida Soares Lopes, entre os dias 29 e 31 deste m\u00eas. Artistas e grupos de renome nacional, como Olodum, Durval Lelys (ex-vocalista do Asa de \u00c1guia), Tatau, Ricardo Chaves, Jammil, e a sensa\u00e7\u00e3o do ver\u00e3o, a banda A Vingadora, est\u00e3o confirmadas no circuito da folia ilheense. O retorno da festa antecipada, marca de Ilh\u00e9us, \u00e9 uma realiza\u00e7\u00e3o da Prefeitura, Governo da Bahia &#8211; Bahiatursa, Associa\u00e7\u00e3o de Turismo (Atil) e Costa do Cacau Convention Bureau.<\/p>\n<p>Ilheenses e turistas tamb\u00e9m v\u00e3o curtir apresenta\u00e7\u00f5es das bandas Realce, Via de Acesso, Na Pegada da L\u00f4ra, Tsunami, Zahra, Lord\u00e3o, Duas Medidas, Trifarol e Circuito Fechado. De acordo com o prefeito Jabes Ribeiro, o carnaval antecipado representa o esfor\u00e7o do governo no sentido de manter e valorizar a tradi\u00e7\u00e3o do povo local, inclusive mantendo o prest\u00edgio \u00e0s bandas da regi\u00e3o.<\/p>\n<p>A festa ser\u00e1 iniciada a partir das 20h e deve seguir madrugada a dentro. De acordo com o secret\u00e1rio municipal de Turismo, Josenaldo Cerqueira, est\u00e3o sendo feitas reuni\u00f5es constantes para preparar o festejo. &#8220;Contaremos com suporte m\u00e9dico, oferecido pela Secretaria de Sa\u00fade, seguran\u00e7a, a cargo da 69\u00aa Companhia Independente de Pol\u00edcia Militar, seguran\u00e7a privada, al\u00e9m de esquema especial de \u00f4nibus e outros detalhes para a folia ser completa e segura&#8221;.<\/p>\n<p>Cerca de 320 pessoas estar\u00e3o envolvidas somente na seguran\u00e7a do evento, contabilizando efetivo da PM, Bombeiros e da seguran\u00e7a privada. Da mesma forma, a Secretaria de Sa\u00fade montar\u00e1 posto avan\u00e7ado na Avenida Soares Lopes, onde hoje est\u00e1 localizada a ExpoVer\u00e3o, al\u00e9m de oferecer capacita\u00e7\u00e3o aos vendedores ambulantes que trabalhar\u00e3o no circuito.<\/p>\n","protected":false},"excerpt":{"rendered":"<p>Bandas de renome nacional v\u00e3o comandar a folia em Ilh\u00e9us, ao lado de artistas consagrados na regi\u00e3o A Prefeitura de Ilh\u00e9us, por meio da comiss\u00e3o organizadora do Carnaval Antecipado, definiu as atra\u00e7\u00f5es que v\u00e3o desfilar em trios el\u00e9tricos pela Avenida Soares Lopes, entre os dias 29 e 31 deste m\u00eas. Artistas e grupos de renome [&hellip;]<\/p>\n","protected":false},"author":2,"featured_media":0,"comment_status":"open","ping_status":"open","sticky":false,"template":"","format":"standard","meta":{"_links_to":"","_links_to_target":""},"categories":[23],"tags":[],"_links":{"self":[{"href":"https:\/\/www.r2cpress.com.br\/v1\/wp-json\/wp\/v2\/posts\/98607"}],"collection":[{"href":"https:\/\/www.r2cpress.com.br\/v1\/wp-json\/wp\/v2\/posts"}],"about":[{"href":"https:\/\/www.r2cpress.com.br\/v1\/wp-json\/wp\/v2\/types\/post"}],"author":[{"embeddable":true,"href":"https:\/\/www.r2cpress.com.br\/v1\/wp-json\/wp\/v2\/users\/2"}],"replies":[{"embeddable":true,"href":"https:\/\/www.r2cpress.com.br\/v1\/wp-json\/wp\/v2\/comments?post=98607"}],"version-history":[{"count":1,"href":"https:\/\/www.r2cpress.com.br\/v1\/wp-json\/wp\/v2\/posts\/98607\/revisions"}],"predecessor-version":[{"id":98608,"href":"https:\/\/www.r2cpress.com.br\/v1\/wp-json\/wp\/v2\/posts\/98607\/revisions\/98608"}],"wp:attachment":[{"href":"https:\/\/www.r2cpress.com.br\/v1\/wp-json\/wp\/v2\/media?parent=98607"}],"wp:term":[{"taxonomy":"category","embeddable":true,"href":"https:\/\/www.r2cpress.com.br\/v1\/wp-json\/wp\/v2\/categories?post=98607"},{"taxonomy":"post_tag","embeddable":true,"href":"https:\/\/www.r2cpress.com.br\/v1\/wp-json\/wp\/v2\/tags?post=98607"}],"curies":[{"name":"wp","href":"https:\/\/api.w.org\/{rel}","templated":true}]}}