{"id":98609,"date":"2016-01-21T20:52:08","date_gmt":"2016-01-21T23:52:08","guid":{"rendered":"http:\/\/www.r2cpress.com.br\/v1\/?p=98609"},"modified":"2016-01-21T20:52:08","modified_gmt":"2016-01-21T23:52:08","slug":"bahia-pode-ganhar-maior-empreendimento-de-producao-de-leite-do-pais","status":"publish","type":"post","link":"https:\/\/www.r2cpress.com.br\/v1\/2016\/01\/21\/bahia-pode-ganhar-maior-empreendimento-de-producao-de-leite-do-pais\/","title":{"rendered":"Bahia pode ganhar maior empreendimento de produ\u00e7\u00e3o de leite do Pa\u00eds"},"content":{"rendered":"<p>\u201cUm empreendimento desse porte pode revolucionar a vida da popula\u00e7\u00e3o da regi\u00e3o oeste e a produtividade da cadeia leiteira da Bahia\u201d. Essa foi a constata\u00e7\u00e3o do secret\u00e1rio da Agricultura, Vitor Bonfim, que esteve reunido nesta quarta-feira (20), com o diretor da Agri Brasil, Ben Lichtenberg, para conhecer o projeto do empreendimento l\u00e1cteo da institui\u00e7\u00e3o, previsto para ser constru\u00eddo em Jaborandi, no Oeste do Estado. \u201cJaborandi, munic\u00edpio que possui menos de dez mil habitantes, tem grande potencial de crescimento, com condi\u00e7\u00f5es clim\u00e1ticas favor\u00e1veis e disponibilidade de \u00e1gua\u201d, destacou o secret\u00e1rio Vitor Bonfim. <div id=\"attachment_98610\" style=\"width: 610px\" class=\"wp-caption aligncenter\"><a href=\"http:\/\/www.r2cpress.com.br\/v1\/wp-content\/uploads\/2016\/01\/0001-01202016AGRIBRASIL_-FOTO-HECKEL-JUNIOR-71-992896829.jpg\"><img aria-describedby=\"caption-attachment-98610\" loading=\"lazy\" src=\"http:\/\/www.r2cpress.com.br\/v1\/wp-content\/uploads\/2016\/01\/0001-01202016AGRIBRASIL_-FOTO-HECKEL-JUNIOR-71-992896829.jpg\" alt=\"0001  01202016AGRIBRASIL_ FOTO - HECKEL JUNIOR (71) 992896829\" width=\"600\" height=\"298\" class=\"size-full wp-image-98610\" srcset=\"https:\/\/www.r2cpress.com.br\/v1\/wp-content\/uploads\/2016\/01\/0001-01202016AGRIBRASIL_-FOTO-HECKEL-JUNIOR-71-992896829.jpg 600w, https:\/\/www.r2cpress.com.br\/v1\/wp-content\/uploads\/2016\/01\/0001-01202016AGRIBRASIL_-FOTO-HECKEL-JUNIOR-71-992896829-300x149.jpg 300w\" sizes=\"(max-width: 600px) 100vw, 600px\" \/><\/a><p id=\"caption-attachment-98610\" class=\"wp-caption-text\">0001  01202016AGRIBRASIL_ FOTO &#8211; HECKEL JUNIOR (71) 992896829<\/p><\/div> De acordo com o diretor da Agri Brasil, \u201cap\u00f3s libera\u00e7\u00e3o da licen\u00e7a de implementa\u00e7\u00e3o, a meta \u00e9 come\u00e7ar a construir o empreendimento depois da \u00e9poca de chuvas, ainda este ano, com previs\u00e3o de conclus\u00e3o da obra em dois anos\u201d. Ele explicou que ser\u00e3o trazidas inicialmente 50 mil matrizes de ra\u00e7a holandesa, dos Estados Unidos (EUA), com produtividade que alcan\u00e7a 35 litros\/dia por vaca ordenhada, e a alimenta\u00e7\u00e3o de soja, milho e alfafa, ser\u00e1 cultivada na pr\u00f3pria fazenda. O diretor Ben Lichtenberg pediu o apoio da Secretaria da Agricultura no que se refere ao projeto de irriga\u00e7\u00e3o e convidou o secret\u00e1rio Vitor Bonfim, para conhecer a fazenda sede da empresa localizada na Holanda.<\/p>\n<p><strong>O projeto<\/strong><br \/>\nO projeto prev\u00ea a implanta\u00e7\u00e3o de duas grandes estruturas. A primeira delas contar\u00e1 com unidade de neg\u00f3cios, que abarcar\u00e1 duas fazendas de produ\u00e7\u00e3o de leite e uma f\u00e1brica de processamento, destinada \u00e0 produ\u00e7\u00e3o de queijo e leite em p\u00f3. A segunda acomodar\u00e1 outra fazenda com 10.000 hectares irrigados e 42 mil vacas ordenhadas. A meta \u00e9 produzir 500 milh\u00f5es de quilos de leite por ano e 70 mil toneladas de queijo.<\/p>\n<p>A proje\u00e7\u00e3o \u00e9 produzir um milh\u00e3o de litros de leite por dia, quando as fazendas estiverem em pleno funcionamento, retirados de 200 mil vacas de alta produtividade, e promover a gera\u00e7\u00e3o de cerca de sete mil empregos entre diretos e indiretos. Parte da produ\u00e7\u00e3o vai ser exportada para a China, mas tamb\u00e9m ser\u00e1 vendida no mercado interno.<\/p>\n","protected":false},"excerpt":{"rendered":"<p>\u201cUm empreendimento desse porte pode revolucionar a vida da popula\u00e7\u00e3o da regi\u00e3o oeste e a produtividade da cadeia leiteira da Bahia\u201d. Essa foi a constata\u00e7\u00e3o do secret\u00e1rio da Agricultura, Vitor Bonfim, que esteve reunido nesta quarta-feira (20), com o diretor da Agri Brasil, Ben Lichtenberg, para conhecer o projeto do empreendimento l\u00e1cteo da institui\u00e7\u00e3o, previsto [&hellip;]<\/p>\n","protected":false},"author":2,"featured_media":0,"comment_status":"open","ping_status":"open","sticky":false,"template":"","format":"standard","meta":{"_links_to":"","_links_to_target":""},"categories":[3,29],"tags":[],"_links":{"self":[{"href":"https:\/\/www.r2cpress.com.br\/v1\/wp-json\/wp\/v2\/posts\/98609"}],"collection":[{"href":"https:\/\/www.r2cpress.com.br\/v1\/wp-json\/wp\/v2\/posts"}],"about":[{"href":"https:\/\/www.r2cpress.com.br\/v1\/wp-json\/wp\/v2\/types\/post"}],"author":[{"embeddable":true,"href":"https:\/\/www.r2cpress.com.br\/v1\/wp-json\/wp\/v2\/users\/2"}],"replies":[{"embeddable":true,"href":"https:\/\/www.r2cpress.com.br\/v1\/wp-json\/wp\/v2\/comments?post=98609"}],"version-history":[{"count":1,"href":"https:\/\/www.r2cpress.com.br\/v1\/wp-json\/wp\/v2\/posts\/98609\/revisions"}],"predecessor-version":[{"id":98611,"href":"https:\/\/www.r2cpress.com.br\/v1\/wp-json\/wp\/v2\/posts\/98609\/revisions\/98611"}],"wp:attachment":[{"href":"https:\/\/www.r2cpress.com.br\/v1\/wp-json\/wp\/v2\/media?parent=98609"}],"wp:term":[{"taxonomy":"category","embeddable":true,"href":"https:\/\/www.r2cpress.com.br\/v1\/wp-json\/wp\/v2\/categories?post=98609"},{"taxonomy":"post_tag","embeddable":true,"href":"https:\/\/www.r2cpress.com.br\/v1\/wp-json\/wp\/v2\/tags?post=98609"}],"curies":[{"name":"wp","href":"https:\/\/api.w.org\/{rel}","templated":true}]}}