{"id":98703,"date":"2016-01-28T09:03:57","date_gmt":"2016-01-28T12:03:57","guid":{"rendered":"http:\/\/www.r2cpress.com.br\/v1\/?p=98703"},"modified":"2016-01-28T09:03:57","modified_gmt":"2016-01-28T12:03:57","slug":"no-gotas-de-paz-540","status":"publish","type":"post","link":"https:\/\/www.r2cpress.com.br\/v1\/2016\/01\/28\/no-gotas-de-paz-540\/","title":{"rendered":"No GOTAS DE PAZ"},"content":{"rendered":"<h1 class=\"entry-title post-title\" style=\"text-align: center;\"><strong><span style=\"color: #0000ff;\">O poder do pensamento<\/span><\/strong><\/h1>\n<p style=\"text-align: center;\">A faca mais perigosa \u00e9 a cega, porque \u00e9 a mais dif\u00edcil de controlar.<br \/>\nFor\u00e7a bruta sem controle \u00e9 ainda pior do que in\u00fatil: \u00e9 destrutiva.<br \/>\nCom o poder vem a obriga\u00e7\u00e3o de exercer o controle.<br \/>\nSuas a\u00e7\u00f5es s\u00e3o muito poderosas,<br \/>\nespecialmente quando consideradas ao longo do tempo.<br \/>\nAs \u201cpequenas coisas\u201d que voc\u00ea faz, dia ap\u00f3s dia,<br \/>\nsomam-se e t\u00eam uma grande influ\u00eancia no seu mundo.<br \/>\nSeus pensamentos s\u00e3o tamb\u00e9m poderosos.<br \/>\nTudo que voc\u00ea faz come\u00e7a com um pensamento.<br \/>\nPara usar sabiamente o poder dos seus pensamentos e a\u00e7\u00f5es,<br \/>\nvoc\u00ea deve exercer criteriosamente o controle.<br \/>\nO poder de seus pensamentos e a\u00e7\u00f5es est\u00e1 ali.<br \/>\nSeu trabalho \u00e9 controlar e dirigir esse poder.<br \/>\nSem esse controle voc\u00ea trabalha contra si mesmo.<br \/>\nFocalizando o controle, voc\u00ea pode alcan\u00e7ar uma incr\u00edvel satisfa\u00e7\u00e3o.<br \/>\nControle e equil\u00edbrio podem ser a chave da sua felicidade e sucesso.<\/p>\n<p style=\"text-align: left;\"><span style=\"color: #0000ff;\"><strong>GOTAS DE PAZ:<\/strong><\/span><\/p>\n<p>http:\/\/www.gotasdepaz.com.br\/o-poder-do-pensamento-2\/?utm_source=28%2F01%2F2016&#038;utm_medium=email&#038;utm_campaign=28%2F01%2F2016<\/p>\n","protected":false},"excerpt":{"rendered":"<p>O poder do pensamento A faca mais perigosa \u00e9 a cega, porque \u00e9 a mais dif\u00edcil de controlar. For\u00e7a bruta sem controle \u00e9 ainda pior do que in\u00fatil: \u00e9 destrutiva. Com o poder vem a obriga\u00e7\u00e3o de exercer o controle. Suas a\u00e7\u00f5es s\u00e3o muito poderosas, especialmente quando consideradas ao longo do tempo. As \u201cpequenas coisas\u201d [&hellip;]<\/p>\n","protected":false},"author":2,"featured_media":0,"comment_status":"open","ping_status":"open","sticky":false,"template":"","format":"standard","meta":{"_links_to":"","_links_to_target":""},"categories":[17],"tags":[],"_links":{"self":[{"href":"https:\/\/www.r2cpress.com.br\/v1\/wp-json\/wp\/v2\/posts\/98703"}],"collection":[{"href":"https:\/\/www.r2cpress.com.br\/v1\/wp-json\/wp\/v2\/posts"}],"about":[{"href":"https:\/\/www.r2cpress.com.br\/v1\/wp-json\/wp\/v2\/types\/post"}],"author":[{"embeddable":true,"href":"https:\/\/www.r2cpress.com.br\/v1\/wp-json\/wp\/v2\/users\/2"}],"replies":[{"embeddable":true,"href":"https:\/\/www.r2cpress.com.br\/v1\/wp-json\/wp\/v2\/comments?post=98703"}],"version-history":[{"count":1,"href":"https:\/\/www.r2cpress.com.br\/v1\/wp-json\/wp\/v2\/posts\/98703\/revisions"}],"predecessor-version":[{"id":98704,"href":"https:\/\/www.r2cpress.com.br\/v1\/wp-json\/wp\/v2\/posts\/98703\/revisions\/98704"}],"wp:attachment":[{"href":"https:\/\/www.r2cpress.com.br\/v1\/wp-json\/wp\/v2\/media?parent=98703"}],"wp:term":[{"taxonomy":"category","embeddable":true,"href":"https:\/\/www.r2cpress.com.br\/v1\/wp-json\/wp\/v2\/categories?post=98703"},{"taxonomy":"post_tag","embeddable":true,"href":"https:\/\/www.r2cpress.com.br\/v1\/wp-json\/wp\/v2\/tags?post=98703"}],"curies":[{"name":"wp","href":"https:\/\/api.w.org\/{rel}","templated":true}]}}