{"id":98712,"date":"2016-01-28T17:05:21","date_gmt":"2016-01-28T20:05:21","guid":{"rendered":"http:\/\/www.r2cpress.com.br\/v1\/?p=98712"},"modified":"2016-01-28T17:06:01","modified_gmt":"2016-01-28T20:06:01","slug":"governo-do-estado-lanca-as-acoes-sociais-do-carnaval-da-bahia","status":"publish","type":"post","link":"https:\/\/www.r2cpress.com.br\/v1\/2016\/01\/28\/governo-do-estado-lanca-as-acoes-sociais-do-carnaval-da-bahia\/","title":{"rendered":"Governo do Estado lan\u00e7a as A\u00e7\u00f5es Sociais do Carnaval da Bahia"},"content":{"rendered":"<p>Uma manh\u00e3 de folia vai marcar o lan\u00e7amento das A\u00e7\u00f5es Sociais do Governo do Estado para o Carnaval da Bahia 2016. Na pr\u00f3xima segunda-feira, dia 1\u00ba, \u00e0s 9h30, o Pal\u00e1cio Rio Branco recebe a m\u00fasica da Orquestra de Berimbaus do Projeto Ax\u00e9, a Band\u201d\u00care, grupo percussivo mirim do Il\u00ea Aiy\u00ea, e o Bloco da Capoeira de Tonho Mat\u00e9ria, na abertura do evento que divulga os servi\u00e7os de prote\u00e7\u00e3o aos direitos humanos que estar\u00e3o dispon\u00edveis durante o carnaval da capital baiana.<\/p>\n<p>As secretarias de Justi\u00e7a, Direitos Humanos e Desenvolvimento Social (Justi\u00e7a Social), do Trabalho, Emprego, Renda e Esporte (Setre), de Cultura (Secult) e de Promo\u00e7\u00e3o da Igualdade Racial (Sepromi), representadas, respectivamente, pelos secret\u00e1rios Geraldo Reis, \u00c1lvaro Gomes, Jorge Portugal e Vera L\u00facia Barbosa, apresentam as a\u00e7\u00f5es integradas de combate \u00e0 explora\u00e7\u00e3o sexual e trabalho infantil, \u00e0s formas degradantes de trabalho, \u00e0 viol\u00eancia LGBT, ao racismo, ao tr\u00e1fico de pessoas, dentre outras formas de viola\u00e7\u00e3o de direitos. Al\u00e9m disso, ser\u00e3o apresentados os detalhes do apoio do Governo do Estado aos catadores de res\u00edduos s\u00f3lidos, com os projetos Eco Folia Solid\u00e1ria e Cata Bahia.<\/p>\n<p><!--more--><\/p>\n<p>Madrinha da campanha Fique de Olho. No Carnaval de todo mundo crian\u00e7a n\u00e3o trabalha, Margareth Menezes recebe a imprensa ao lado dos gestores para sensibilizar os foli\u00f5es sobre a import\u00e2ncia de proteger as crian\u00e7as durante a festa. Pelo terceiro ano consecutivo, a cantora apoia a a\u00e7\u00e3o do Governo para chamar a aten\u00e7\u00e3o de turistas e baianos para o cuidado com a inf\u00e2ncia, denunciando o trabalho infantil, maus tratos, abuso sexual e outras formas de viol\u00eancia pelo Disque 100.<\/p>\n<p>No evento, os secret\u00e1rios de estado v\u00e3o apresentar as a\u00e7\u00f5es sociais que acontecem nos dias de carnaval, de 04 a 10 de fevereiro, em diversas frentes. Um posto fixo localizado na sede do Procon-Ba (Rua Carlos Gomes, n\u00ba 746) vai reunir servi\u00e7os voltados \u00e0 garantia de direitos, como o Plant\u00e3o Integrado de Prote\u00e7\u00e3o, o Observat\u00f3rio de Viola\u00e7\u00f5es dos Direitos da Crian\u00e7a e do Adolescente, o Centro Nelson Mandela Itinerante, servi\u00e7o de enfrentamento ao racismo, e o Adolescente, Proteja!, a\u00e7\u00e3o de acompanhamento das apreens\u00f5es de adolescentes e de redu\u00e7\u00e3o de danos em casos de drogadi\u00e7\u00e3o.<\/p>\n<p>Durante a folia, den\u00fancias poder\u00e3o ser feitas presencialmente no posto, al\u00e9m do Disque 100 ou pelo telefone do Plant\u00e3o (71 3116-0567, apenas no per\u00edodo do carnaval). Para os casos de racismo, o p\u00fablico poder\u00e1 acionar o\u00a00800 284 0011\u00a0(Ouvidoria Geral do Estado &#8211; OGE) ou\u00a071 3117-7448(Centro de Refer\u00eancia Nelson Mandela).<\/p>\n<p>&#8212;&#8212;&#8212;&#8212;&#8212;&#8212;&#8212;&#8212;&#8212;&#8212;<\/p>\n<p>Ascom<\/p>\n<p>Secretaria de Justi\u00e7a, Direitos Humanos e Desenvolvimento Social<br \/>\n71 3115-9882<\/p>\n<p>Secretaria do Trabalho, Emprego, Renda e Esporte<br \/>\n71 3115-1646<\/p>\n<p>Secretaria de Cultura<br \/>\n71 3103-3270<\/p>\n<p>Secretaria de Promo\u00e7\u00e3o da Igualdade Racial<br \/>\n71 3103-1410<\/p>\n<p>&#8212;<\/p>\n<p>Ascom\/Setre<br \/>\nTel. &#8211;\u00a0(71) 3115-1748<\/p>\n","protected":false},"excerpt":{"rendered":"<p>Uma manh\u00e3 de folia vai marcar o lan\u00e7amento das A\u00e7\u00f5es Sociais do Governo do Estado para o Carnaval da Bahia 2016. Na pr\u00f3xima segunda-feira, dia 1\u00ba, \u00e0s 9h30, o Pal\u00e1cio Rio Branco recebe a m\u00fasica da Orquestra de Berimbaus do Projeto Ax\u00e9, a Band\u201d\u00care, grupo percussivo mirim do Il\u00ea Aiy\u00ea, e o Bloco da Capoeira [&hellip;]<\/p>\n","protected":false},"author":2,"featured_media":0,"comment_status":"open","ping_status":"open","sticky":false,"template":"","format":"standard","meta":{"_links_to":"","_links_to_target":""},"categories":[13,29,1],"tags":[],"_links":{"self":[{"href":"https:\/\/www.r2cpress.com.br\/v1\/wp-json\/wp\/v2\/posts\/98712"}],"collection":[{"href":"https:\/\/www.r2cpress.com.br\/v1\/wp-json\/wp\/v2\/posts"}],"about":[{"href":"https:\/\/www.r2cpress.com.br\/v1\/wp-json\/wp\/v2\/types\/post"}],"author":[{"embeddable":true,"href":"https:\/\/www.r2cpress.com.br\/v1\/wp-json\/wp\/v2\/users\/2"}],"replies":[{"embeddable":true,"href":"https:\/\/www.r2cpress.com.br\/v1\/wp-json\/wp\/v2\/comments?post=98712"}],"version-history":[{"count":1,"href":"https:\/\/www.r2cpress.com.br\/v1\/wp-json\/wp\/v2\/posts\/98712\/revisions"}],"predecessor-version":[{"id":98713,"href":"https:\/\/www.r2cpress.com.br\/v1\/wp-json\/wp\/v2\/posts\/98712\/revisions\/98713"}],"wp:attachment":[{"href":"https:\/\/www.r2cpress.com.br\/v1\/wp-json\/wp\/v2\/media?parent=98712"}],"wp:term":[{"taxonomy":"category","embeddable":true,"href":"https:\/\/www.r2cpress.com.br\/v1\/wp-json\/wp\/v2\/categories?post=98712"},{"taxonomy":"post_tag","embeddable":true,"href":"https:\/\/www.r2cpress.com.br\/v1\/wp-json\/wp\/v2\/tags?post=98712"}],"curies":[{"name":"wp","href":"https:\/\/api.w.org\/{rel}","templated":true}]}}