{"id":99439,"date":"2016-03-04T20:00:45","date_gmt":"2016-03-04T23:00:45","guid":{"rendered":"http:\/\/www.r2cpress.com.br\/v1\/?p=99439"},"modified":"2016-03-03T23:11:35","modified_gmt":"2016-03-04T02:11:35","slug":"do-fundo-do-bau-de-jose-leite-230","status":"publish","type":"post","link":"https:\/\/www.r2cpress.com.br\/v1\/2016\/03\/04\/do-fundo-do-bau-de-jose-leite-230\/","title":{"rendered":"DO FUNDO DO BA\u00da DE JOS\u00c9 LEITE."},"content":{"rendered":"<p><center><img loading=\"lazy\" src=\"http:\/\/www.r2cpress.com.br\/v1\/wp-content\/uploads\/Novo-visual-do-Bau_400L21.jpg\" width=\"400\" height=\"320\" class=\"aligncenter\" \/><br \/>\n<strong>1)\tOS 60 ANOS DO LIONS CLUBE DE ILH\u00c9US-CENTRO.<br \/>\n2)\tO PRIMEIRO COMPROMISSO DOS CANDIDATOS A CANDIDATO A PREFEITO DE ILH\u00c9US.<br \/>\n3)\tDA S\u00c9RIE: EU ESTAVA ASSIM (6).<br \/>\n4)\tAS FOTOS DESTAQUES DA SEMANA.<\/strong><\/center><\/p>\n<p><!--more--><\/p>\n<p><b><center>***********************************************************************<\/center><\/b><\/p>\n<p>\t<b><center> 1) OS 60 ANOS DO LIONS CLUBE DE ILH\u00c9US-CENTRO. <\/center><\/b><\/p>\n<p>O LIONS CLUBE DE ILH\u00c9US-CENTRO \u00e9 um dos tradicionais Clubes de Servi\u00e7os da cidade de ILH\u00c9US. No pr\u00f3ximo dia 10 de mar\u00e7o (quinta-feira) o LIONS CLUBE ILH\u00c9US-CENTRO comemora 60 anos de servi\u00e7os prestados \u00e0 comunidade de ILH\u00c9US, principalmente as mais carentes. A Diretoria atual tem como presidente, o Le\u00e3o e amigo comerciante, MOIS\u00c9S TELES. PARAB\u00c9NS!<br \/>\nSegue abaixo um pequeno resumo de como o CLUBE foi fundado, e o nome dos seus fundadores.<\/p>\n<p><center><b>Hist\u00f3ria da Funda\u00e7\u00e3o.<\/b><br \/>\n <img loading=\"lazy\" src=\"https:\/\/lh3.googleusercontent.com\/-aBMaCfkZiSU\/VtjgP19AxfI\/AAAAAAABsnU\/RBLiiqFvMXk\/s512-Ic42\/1.jpeg\" width=\"365\" height=\"512\" class=\"aligncenter\" \/><\/center><\/p>\n<div style=\"width: 610px\" class=\"wp-caption aligncenter\"><img loading=\"lazy\" src=\"https:\/\/lh3.googleusercontent.com\/-YhKg1TnXhpI\/VtjgTqz7PSI\/AAAAAAABsnc\/SifnBVHQGdo\/s600-Ic42\/2.jpeg\" width=\"600\" height=\"407\" class \/><p class=\"wp-caption-text\">Dos fundadores, apenas um est\u00e1 vivo, trata-se do amigo GUARANI VALEN\u00c7A DE ARARIPE que aparece na foto com o Ex. Governador do Distrito L-2, o amigo JEOV\u00c1 CARVALHO MOURA.<\/p><\/div>\n<div style=\"width: 610px\" class=\"wp-caption aligncenter\"><img loading=\"lazy\" src=\"https:\/\/lh3.googleusercontent.com\/-pNYGN7TUCk4\/VtjgTxkMnqI\/AAAAAAABsnc\/eyW4GktK-WY\/s600-Ic42\/3.jpeg\" width=\"600\" height=\"443\" class \/><p class=\"wp-caption-text\">Nessa foto, de uma reuni\u00e3o festiva do CDL de ILH\u00c9US da d\u00e9cada de 1980, da direita para a esquerda, destacamos com muita alegria o saudoso amigo e conterr\u00e2neo cearense JO\u00c3O ALENCAR ARARIPE, que teve a FELIZ IDEIA de fundar um CLUBE do LIONS em ILH\u00c9US. Tamb\u00e9m na foto, Prof. F\u00c1BIO ARARIPE GOULART (Ex. Presidente do LIONS CLUBE DE ILH\u00c9US).<\/p><\/div>\n<div style=\"width: 610px\" class=\"wp-caption aligncenter\"><img loading=\"lazy\" src=\"https:\/\/lh3.googleusercontent.com\/-XXoMVxP-pKs\/VtjgURXmwQI\/AAAAAAABsnc\/RwgAy6RJEAo\/s600-Ic42\/4.jpeg\" width=\"600\" height=\"433\" class \/><p class=\"wp-caption-text\">Grupo de \u201cLE\u00d5ES\u201d ap\u00f3s celebra\u00e7\u00e3o da missa do JUBILEU DE PRATA (25 anos) realizada na CATEDRAL S\u00c3O SEBASTI\u00c3O no dia 10 de mar\u00e7o de 1981.<br \/>\nNa foto, os 5 da primeira fila da frente, da esquerda para a direita: os saudosos ELIAS OCK\u00c9, F\u00c1BIO ARARIPE GOULART, JO\u00c3O ALENCAR ARARIPE, GUY VAL\u00c9RIO e DAVID MAIA.<br \/><\/p><\/div>\n<p>\t<b><center> 2) O PRIMEIRO COMPROMISSO DOS CANDIDATOS A CANDIDATO A PREFEITO DE ILH\u00c9US. <\/center><\/b><\/p>\n<div style=\"width: 610px\" class=\"wp-caption aligncenter\"><img loading=\"lazy\" src=\"https:\/\/lh3.googleusercontent.com\/-3BU0cdrVPV4\/VtjgVOZEcfI\/AAAAAAABsnc\/bxGFw-ho2F0\/s600-Ic42\/5.jpeg\" width=\"600\" height=\"408\" class \/><p class=\"wp-caption-text\">No pr\u00f3ximo BA\u00da DE JOS\u00c9 LEITE de sexta-feira (11-03-2016), a partir das 20 horas, ser\u00e1 divulgado os nomes de 10 CANDIDATOS A CANDIDATO A PREFEITO DE ILH\u00c9US que se comprometeram que, se ganhar a elei\u00e7\u00e3o para Prefeito, sair\u00e3o do CENTRO DE CONVEN\u00c7\u00d5ES DE ILH\u00c9US para o PAL\u00c1CIO PARANAGU\u00c1 no AUTOM\u00d3VEL DE MARCA \u201cLANDAU\u201d (foto) dirigido pelo DONO DO CARRO.<\/p><\/div>\n<p>\t<b><center> 3) DA S\u00c9RIE: EU ESTAVA ASSIM (6). <\/center><\/b><\/p>\n<p>Falando sobre os lindos BANCOS DO CAL\u00c7AD\u00c3O da Rua DOM PEDRO II no Centro do COM\u00c9RCIO DE ILH\u00c9US.<\/p>\n<div style=\"width: 610px\" class=\"wp-caption aligncenter\"><img loading=\"lazy\" src=\"https:\/\/lh3.googleusercontent.com\/-OoDRe-SbbA0\/VtjgVXD2IiI\/AAAAAAABsnc\/d8uivEAfjOM\/s600-Ic42\/6.jpeg\" width=\"600\" height=\"402\" class \/><p class=\"wp-caption-text\">No m\u00eas de Novembro de 2015 ESTAVA ASSIM.<\/p><\/div>\n<div style=\"width: 610px\" class=\"wp-caption aligncenter\"><img loading=\"lazy\" src=\"https:\/\/lh3.googleusercontent.com\/-e0gKwW9z0Tw\/VtjgWNQ2_7I\/AAAAAAABsnc\/d8402jX1vr0\/s600-Ic42\/7.JPG\" width=\"600\" height=\"450\" class \/><p class=\"wp-caption-text\">No m\u00eas de Dezembro FICOU ASSIM.<\/p><\/div>\n<div style=\"width: 610px\" class=\"wp-caption aligncenter\"><img loading=\"lazy\" src=\"https:\/\/lh3.googleusercontent.com\/-NiNOyKa1Yyg\/VtjgWQc15tI\/AAAAAAABsnc\/GixMueb5djQ\/s600-Ic42\/8.JPG\" width=\"600\" height=\"450\" class \/><p class=\"wp-caption-text\">No come\u00e7o do m\u00eas de Mar\u00e7o de 2016, EST\u00c1 ASSIM.<br \/>\nDE QUEM \u00c9 A CULPA?<br \/>\nVAMOS CONSERVAR GENTE!<br \/><\/p><\/div>\n<p>\t<b><center> 4) AS FOTOS DESTAQUES DA SEMANA. <\/center><\/b><\/p>\n<div style=\"width: 610px\" class=\"wp-caption aligncenter\"><img loading=\"lazy\" src=\"https:\/\/lh3.googleusercontent.com\/-APRREF_V-oE\/VtjgW5vJLlI\/AAAAAAABsnc\/OPH7Sxw9y2g\/s600-Ic42\/9.jpeg\" width=\"600\" height=\"404\" class \/><p class=\"wp-caption-text\">Nossa sauda\u00e7\u00e3o ao ROTARY CLUB INTERNATIONAL que comemorou 111 anos no \u00faltimo m\u00eas de fevereiro.<\/p><\/div>\n<div style=\"width: 610px\" class=\"wp-caption aligncenter\"><img loading=\"lazy\" src=\"https:\/\/lh3.googleusercontent.com\/-woajkPbcXcc\/VtjgQQ3DZKI\/AAAAAAABsnU\/MKRcVtgFCts\/s600-Ic42\/10.jpeg\" width=\"600\" height=\"409\" class \/><p class=\"wp-caption-text\">Nosso sentimento de tristeza pelo falecimento do amigo e um dos mais tradicionais comerciantes de ILH\u00c9US. ANT\u00d4NIO MENDON\u00c7A atuou no Com\u00e9rcio por mais de 60 anos, sempre na Rua 7 de Setembro com o ARMAZ\u00c9M que tinha o seu nome. BOM ESPOSO, BOM PAI, BOM AMIGO, CAT\u00d3LICO PRATICANTE, deixou muita saudade. VAI COM DEUS IRM\u00c3O! Na foto acima: ANT\u00d4NIO MENDON\u00c7A, sua linda neta LAURINHA e a amiga NEUSA (enfermeira). Foto clicada por JOS\u00c9 LEITE na Pra\u00e7a J. J SEABRA h\u00e1 3 anos atr\u00e1s.<\/p><\/div>\n<div style=\"width: 610px\" class=\"wp-caption aligncenter\"><img loading=\"lazy\" src=\"https:\/\/lh3.googleusercontent.com\/-nLRM9WuwWBw\/VtjgQiDxWOI\/AAAAAAABsnc\/XQ6JMU_tdvU\/s600-Ic42\/11.jpeg\" width=\"600\" height=\"396\" class \/><p class=\"wp-caption-text\">Entrega de um CARRO sorteado na PROMO\u00c7\u00c3O NATALINA DO CDL DE ILH\u00c9US no ano de 1990. Na foto, da esquerda para a direita: QUINTO DE SOUZA, o saudoso UELINTOM MARTINS, JO\u00c3O ALVARENGA (na \u00e9poca Inspetor da RECEITA FEDERAL em ILH\u00c9US), JOS\u00c9 LEITE (na \u00e9poca Presidente do CDL), JO\u00c3O BRITO, GET\u00daLIO CARVALHO e ANT\u00d4NIO COSTA. (Foto: Janeiro\/1991).<\/p><\/div>\n<div style=\"width: 406px\" class=\"wp-caption aligncenter\"><img loading=\"lazy\" src=\"https:\/\/lh3.googleusercontent.com\/-KXuyJ0pSMhY\/VtjgRfx8vSI\/AAAAAAABsnc\/uBi8leZUdkM\/s500-Ic42\/12.jpeg\" width=\"396\" height=\"500\" class \/><p class=\"wp-caption-text\">Publicidade feita pela PREFEITURA MUNICIPAL DE ILH\u00c9US na antiga revista \u201cMANCHETE\u201d de Circula\u00e7\u00e3o Nacional, Edi\u00e7\u00e3o de 6 de Julho de 1974. Nessa edi\u00e7\u00e3o saiu uma reportagem sobre SALVADOR e a \u00fanica cidade do interior que saiu foi ILH\u00c9US.<\/p><\/div>\n<div style=\"width: 344px\" class=\"wp-caption aligncenter\"><img loading=\"lazy\" src=\"https:\/\/lh3.googleusercontent.com\/-bmY8YnlCW0E\/VtjgRxMxlpI\/AAAAAAABsnc\/VG_mHmj6z6s\/s500-Ic42\/13.jpeg\" width=\"334\" height=\"500\" class \/><p class=\"wp-caption-text\">Foto da CATEDRAL que saiu na mat\u00e9ria da REVISTA MANCHETE (06-07-1974).<br \/>\nQuarenta e dois anos se passaram, ser\u00e1 que o TURISMO, a IND\u00daSTRIA e o PORTO cresceram aquilo que deveriam crescer? O PORTO de ILH\u00c9US hoje est\u00e1 com todos os guindastes condenados. Se n\u00e3o fossem os guindastes dos pr\u00f3prios navios o PORTO s\u00f3 serviria para ancorar os TRANSATL\u00c2NTICOS. Tem um Navio desembarcando CACAU e vai demorar o dobro de tempo na opera\u00e7\u00e3o. A QUEM APELAR?<br \/>\nSOBRE O TURISMO E A IND\u00daSTRIA, PREFIRO N\u00c3O COMENTAR!<br \/><\/p><\/div>\n<div style=\"width: 610px\" class=\"wp-caption aligncenter\"><img loading=\"lazy\" src=\"https:\/\/lh3.googleusercontent.com\/-il3BY5uvTyw\/VtjgSC8OlFI\/AAAAAAABsnc\/NMBZe7oUjyI\/s600-Ic42\/14.JPG\" width=\"600\" height=\"450\" class \/><p class=\"wp-caption-text\">Esta semana recebemos a visita do amigo e ilustre advogado Dr. C\u00c9SAR MANOEL TAVARES DE CARVALHO, filho do amigo e conterr\u00e2neo, Dr. JOS\u00c9 C\u00c2NDIDO DE CARVALHO (MINISTRO DO SUPREMO TRIBUNAL FEDERAL). Dr. C\u00c9SAR nos transmitiu a not\u00edcia que seu pai vai muito bem de sa\u00fade. O que \u00e9 muito bom!<\/p><\/div>\n<div style=\"width: 610px\" class=\"wp-caption aligncenter\"><img loading=\"lazy\" src=\"https:\/\/lh3.googleusercontent.com\/-o56jNAJcHi8\/VtjgS5eotTI\/AAAAAAABsnc\/VRvfkl_DZa0\/s600-Ic42\/15.jpeg\" width=\"600\" height=\"403\" class \/><p class=\"wp-caption-text\">Falou de Banho de Bica JOS\u00c9 LEITE est\u00e1 dentro. Foto de 15 anos atr\u00e1s na ESTA\u00c7\u00c3O HIDROMINERAL DO CALDAS, Distrito de BARBALHA-CEAR\u00c1. Olha quem aparece tamb\u00e9m na foto: o Corretor de Im\u00f3veis de ILH\u00c9US, JOS\u00c9 DONATO.<\/p><\/div>\n<p><b><center>E NO MAIS&#8230; <\/center><\/b><\/p>\n<div style=\"width: 610px\" class=\"wp-caption aligncenter\"><img loading=\"lazy\" src=\"https:\/\/lh3.googleusercontent.com\/-ZKHw89MUZWM\/VtjgTUUgeWI\/AAAAAAABsnc\/iGET13KTsJQ\/s600-Ic42\/16.JPG\" width=\"600\" height=\"450\" class \/><p class=\"wp-caption-text\">JOS\u00c9 LEITE curtindo mais um final de semana no S\u00cdTIO ALOHA.<br \/>\nE a pedidos, mais uma vez, mostrando sua linda musculatura f\u00edsica.<br \/>\n(Foto: 28\/02\/2016).<br \/><\/p><\/div>\n<p>&#8212;<br \/>\n<span style=\"color: blue;\"><b>Para ver o BA\u00da da semana passada clique<\/b><a href=\"http:\/\/www.r2cpress.com.br\/v1\/2016\/02\/26\/do-fundo-do-bau-de-jose-leite-229\/\" target=\"_news\"><b> AQUI.<\/b><\/a><\/span><\/p>\n<p>&#8212;<br \/>\nTexto e fotos: Jos\u00e9 Leite de Souza<br \/>\njleitesouza@hotmail.com<br \/>\n(73) 3634-3134<\/p>\n","protected":false},"excerpt":{"rendered":"<p>1) OS 60 ANOS DO LIONS CLUBE DE ILH\u00c9US-CENTRO. 2) O PRIMEIRO COMPROMISSO DOS CANDIDATOS A CANDIDATO A PREFEITO DE ILH\u00c9US. 3) DA S\u00c9RIE: EU ESTAVA ASSIM (6). 4) AS FOTOS DESTAQUES DA SEMANA.<\/p>\n","protected":false},"author":2,"featured_media":0,"comment_status":"open","ping_status":"open","sticky":false,"template":"","format":"standard","meta":{"_links_to":"","_links_to_target":""},"categories":[10],"tags":[],"_links":{"self":[{"href":"https:\/\/www.r2cpress.com.br\/v1\/wp-json\/wp\/v2\/posts\/99439"}],"collection":[{"href":"https:\/\/www.r2cpress.com.br\/v1\/wp-json\/wp\/v2\/posts"}],"about":[{"href":"https:\/\/www.r2cpress.com.br\/v1\/wp-json\/wp\/v2\/types\/post"}],"author":[{"embeddable":true,"href":"https:\/\/www.r2cpress.com.br\/v1\/wp-json\/wp\/v2\/users\/2"}],"replies":[{"embeddable":true,"href":"https:\/\/www.r2cpress.com.br\/v1\/wp-json\/wp\/v2\/comments?post=99439"}],"version-history":[{"count":2,"href":"https:\/\/www.r2cpress.com.br\/v1\/wp-json\/wp\/v2\/posts\/99439\/revisions"}],"predecessor-version":[{"id":99441,"href":"https:\/\/www.r2cpress.com.br\/v1\/wp-json\/wp\/v2\/posts\/99439\/revisions\/99441"}],"wp:attachment":[{"href":"https:\/\/www.r2cpress.com.br\/v1\/wp-json\/wp\/v2\/media?parent=99439"}],"wp:term":[{"taxonomy":"category","embeddable":true,"href":"https:\/\/www.r2cpress.com.br\/v1\/wp-json\/wp\/v2\/categories?post=99439"},{"taxonomy":"post_tag","embeddable":true,"href":"https:\/\/www.r2cpress.com.br\/v1\/wp-json\/wp\/v2\/tags?post=99439"}],"curies":[{"name":"wp","href":"https:\/\/api.w.org\/{rel}","templated":true}]}}