{"id":99457,"date":"2016-03-04T21:35:21","date_gmt":"2016-03-05T00:35:21","guid":{"rendered":"http:\/\/www.r2cpress.com.br\/v1\/?p=99457"},"modified":"2016-03-04T21:35:21","modified_gmt":"2016-03-05T00:35:21","slug":"apresentacoes-em-pracas-publicas-encerram-oficina-de-percussao-em-ilheus","status":"publish","type":"post","link":"https:\/\/www.r2cpress.com.br\/v1\/2016\/03\/04\/apresentacoes-em-pracas-publicas-encerram-oficina-de-percussao-em-ilheus\/","title":{"rendered":"Apresenta\u00e7\u00f5es em pra\u00e7as p\u00fablicas encerram oficina de percuss\u00e3o em Ilh\u00e9us"},"content":{"rendered":"<p class=\"\" align=\"center\"><a name=\"_GoBack\"><\/a><i>Trabalho foi desenvolvido no bairro de Oliven\u00e7a, onde ocorreram as aulas e uma das apresenta\u00e7\u00f5es de encerramento dos alunos<\/i><\/p>\n<div id=\"attachment_99458\" style=\"width: 610px\" class=\"wp-caption aligncenter\"><a href=\"http:\/\/www.r2cpress.com.br\/v1\/wp-content\/uploads\/2016\/03\/Oficina-de-percuss\u00e3o-foi-encerrada-com-apresenta\u00e7\u00f5es-nas-pra\u00e7as-castro-alves-e-claudio-magalhaes-Foto-Secult-Ilheus-1.jpg\"><img aria-describedby=\"caption-attachment-99458\" loading=\"lazy\" class=\"size-full wp-image-99458\" src=\"http:\/\/www.r2cpress.com.br\/v1\/wp-content\/uploads\/2016\/03\/Oficina-de-percuss\u00e3o-foi-encerrada-com-apresenta\u00e7\u00f5es-nas-pra\u00e7as-castro-alves-e-claudio-magalhaes-Foto-Secult-Ilheus-1.jpg\" alt=\"Oficina de percuss\u00e3o foi encerrada com apresenta\u00e7\u00f5es nas pra\u00e7as Castro Alves e Cl\u00e1udio Magalh\u00e3es - Foto Secult Ilh\u00e9us (1)\" width=\"600\" height=\"395\" srcset=\"https:\/\/www.r2cpress.com.br\/v1\/wp-content\/uploads\/2016\/03\/Oficina-de-percuss\u00e3o-foi-encerrada-com-apresenta\u00e7\u00f5es-nas-pra\u00e7as-castro-alves-e-claudio-magalhaes-Foto-Secult-Ilheus-1.jpg 600w, https:\/\/www.r2cpress.com.br\/v1\/wp-content\/uploads\/2016\/03\/Oficina-de-percuss\u00e3o-foi-encerrada-com-apresenta\u00e7\u00f5es-nas-pra\u00e7as-castro-alves-e-claudio-magalhaes-Foto-Secult-Ilheus-1-300x197.jpg 300w\" sizes=\"(max-width: 600px) 100vw, 600px\" \/><\/a><p id=\"caption-attachment-99458\" class=\"wp-caption-text\">Oficina de percuss\u00e3o foi encerrada com apresenta\u00e7\u00f5es nas pra\u00e7as Castro Alves e Cl\u00e1udio Magalh\u00e3es &#8211; Foto Secult Ilh\u00e9us (1)<\/p><\/div>\n<p class=\"\">A Oficina de Percuss\u00e3o, ministrada no Centro Cultural de Oliven\u00e7a, foi encerrada na quarta-feira, dia 2,com a apresenta\u00e7\u00e3o do trabalho final dos alunos, na Pra\u00e7a Castro Alves, Centro. A iniciativa da Secretaria de Cultura (Secult) de Ilh\u00e9us faz parte do programa de Oficinas de Capacita\u00e7\u00e3o Multicultural.<\/p>\n<p class=\"\">Na segunda-feira, os alunos apresentaram o trabalho final tamb\u00e9m na Pra\u00e7a Cl\u00e1udio Magalh\u00e3es, em Oliven\u00e7a, para toda a comunidade. O curso teve dura\u00e7\u00e3o de tr\u00eas meses e foi ministrado pelo m\u00fasico percussionista Alan Felipe Santos, de Ilh\u00e9us, que atua como percussionista e agente cultural no Bloco Afro Dilazenze.<\/p>\n<p class=\"\">Alan pontuou a experi\u00eancia como enriquecedora e elogiou os alunos, que se dedicaram durante todo o per\u00edodo do curso e, ao final, apresentaram um bel\u00edssimo trabalho. &#8220;Estou satisfeito com o trabalho desenvolvido pelos alunos e espero que possamos trabalhar juntos, no futuro, novamente&#8221;, ressaltou.<\/p>\n<p class=\"\">Para Jordana Magalh\u00e3es, 13 anos, aluna da oficina, o curso foi muito proveitoso. &#8220;Adorei aprender a tocar novos instrumentos. \u00c9 sempre bom descobrir atividades que sabemos fazer bem, por isso espero que outras oficinas sejam oferecidas l\u00e1 em Oliven\u00e7a&#8221;, conta Jordana.<\/p>\n<p class=\"\">De acordo com o secret\u00e1rio Paulo Atto, atrav\u00e9s da realiza\u00e7\u00e3o da oficina, aSecult,&#8221;capacitou, apoiou e buscou dar maior visibilidade \u00e0 produ\u00e7\u00e3o cultural existente na cidade, al\u00e9m de impulsionar a forma\u00e7\u00e3o musical para jovens de Oliven\u00e7a, valorizando o legado da cultura afro-brasileira no munic\u00edpio&#8221;.<\/p>\n","protected":false},"excerpt":{"rendered":"<p>Trabalho foi desenvolvido no bairro de Oliven\u00e7a, onde ocorreram as aulas e uma das apresenta\u00e7\u00f5es de encerramento dos alunos A Oficina de Percuss\u00e3o, ministrada no Centro Cultural de Oliven\u00e7a, foi encerrada na quarta-feira, dia 2,com a apresenta\u00e7\u00e3o do trabalho final dos alunos, na Pra\u00e7a Castro Alves, Centro. A iniciativa da Secretaria de Cultura (Secult) de [&hellip;]<\/p>\n","protected":false},"author":2,"featured_media":0,"comment_status":"open","ping_status":"open","sticky":false,"template":"","format":"standard","meta":{"_links_to":"","_links_to_target":""},"categories":[23],"tags":[],"_links":{"self":[{"href":"https:\/\/www.r2cpress.com.br\/v1\/wp-json\/wp\/v2\/posts\/99457"}],"collection":[{"href":"https:\/\/www.r2cpress.com.br\/v1\/wp-json\/wp\/v2\/posts"}],"about":[{"href":"https:\/\/www.r2cpress.com.br\/v1\/wp-json\/wp\/v2\/types\/post"}],"author":[{"embeddable":true,"href":"https:\/\/www.r2cpress.com.br\/v1\/wp-json\/wp\/v2\/users\/2"}],"replies":[{"embeddable":true,"href":"https:\/\/www.r2cpress.com.br\/v1\/wp-json\/wp\/v2\/comments?post=99457"}],"version-history":[{"count":1,"href":"https:\/\/www.r2cpress.com.br\/v1\/wp-json\/wp\/v2\/posts\/99457\/revisions"}],"predecessor-version":[{"id":99459,"href":"https:\/\/www.r2cpress.com.br\/v1\/wp-json\/wp\/v2\/posts\/99457\/revisions\/99459"}],"wp:attachment":[{"href":"https:\/\/www.r2cpress.com.br\/v1\/wp-json\/wp\/v2\/media?parent=99457"}],"wp:term":[{"taxonomy":"category","embeddable":true,"href":"https:\/\/www.r2cpress.com.br\/v1\/wp-json\/wp\/v2\/categories?post=99457"},{"taxonomy":"post_tag","embeddable":true,"href":"https:\/\/www.r2cpress.com.br\/v1\/wp-json\/wp\/v2\/tags?post=99457"}],"curies":[{"name":"wp","href":"https:\/\/api.w.org\/{rel}","templated":true}]}}