{"id":99498,"date":"2016-03-07T12:59:02","date_gmt":"2016-03-07T15:59:02","guid":{"rendered":"http:\/\/www.r2cpress.com.br\/v1\/?p=99498"},"modified":"2016-03-07T12:59:02","modified_gmt":"2016-03-07T15:59:02","slug":"mulheres-comandam-sete-bases-comunitarias-de-seguranca-na-bahia","status":"publish","type":"post","link":"https:\/\/www.r2cpress.com.br\/v1\/2016\/03\/07\/mulheres-comandam-sete-bases-comunitarias-de-seguranca-na-bahia\/","title":{"rendered":"Mulheres comandam sete bases comunit\u00e1rias de seguran\u00e7a na Bahia\u00a0"},"content":{"rendered":"<div id=\"attachment_99499\" style=\"width: 310px\" class=\"wp-caption alignleft\"><a href=\"http:\/\/www.r2cpress.com.br\/v1\/wp-content\/uploads\/2016\/03\/By-El\u00f3i-Corr\u00eaa-GOVBA.jpg\"><img aria-describedby=\"caption-attachment-99499\" loading=\"lazy\" class=\"wp-image-99499 size-full\" src=\"http:\/\/www.r2cpress.com.br\/v1\/wp-content\/uploads\/2016\/03\/By-El\u00f3i-Corr\u00eaa-GOVBA.jpg\" alt=\"By El\u00f3i Corr\u00eaa GOVBA\" width=\"300\" height=\"200\" \/><\/a><p id=\"caption-attachment-99499\" class=\"wp-caption-text\">By El\u00f3i Corr\u00eaa GOVBA<\/p><\/div>\n<p>Entre todas as atividades di\u00e1rias de uma dona de casa e de m\u00e3e com um filho pequeno, Camila Soledade tem espa\u00e7o para mais uma ocupa\u00e7\u00e3o. Ela \u00e9 capit\u00e3 da Pol\u00edcia Militar e comanda a Base Comunit\u00e1ria de Seguran\u00e7a (BCS) do bairro do Rio Sena, em Salvador. Na Bahia, outras seis mulheres est\u00e3o \u00e0 frente dessas unidades e, como Camila, conseguem conciliar a rotina cheia com um trabalho que exige muita responsabilidade e amor pelo que faz.<\/p>\n<div>\n<div>\n<div><\/div>\n<div>Camila administra as tarefas da casa onde mora com a filha, Joana, de apenas um ano e dez meses, e tamb\u00e9m recebe a ajuda de outra mulher: a m\u00e3e. A aposentada Maria Eut\u00e1lia Soledade se orgulha da carreira de Camila e, ao mesmo tempo, se preocupa com a filha.<\/div>\n<\/div>\n<div>\n<div><\/div>\n<div>&#8220;Ela me d\u00e1 muito orgulho. Eu vejo o quanto ela se envolve e se preocupa com as pessoas. O cuidado que ela tem com o que faz para a comunidade \u00e9 bonito de se ver. Eu, enquanto m\u00e3e, n\u00e3o deixo de me preocupar, mas respeito muito a profiss\u00e3o dela e admiro tamb\u00e9m&#8221;, afirma a aposentada.<\/div>\n<\/div>\n<div><\/div>\n<div>Para dar conta de tudo, a capit\u00e3 acredita que n\u00e3o h\u00e1 f\u00f3rmula m\u00e1gica e que para todas as mulheres em posi\u00e7\u00e3o de comando, como a dela, cada desafio \u00e9 uma forma de aprendizado. &#8220;\u00c9 uma correria, eu tenho v\u00e1rios outros filhos na unidade, na comunidade. Tem que com jogo de cintura, sabedoria, resili\u00eancia e paci\u00eancia, administrando tudo. Aos pouquinhos vai dando certo&#8221;.<\/div>\n<div><\/div>\n<div>Para Camila, o trabalho na base comunit\u00e1ria &#8220;\u00e9 uma experi\u00eancia gratificante. Aprendo muito a cada dia com todas as pessoas \u00e0 minha volta e os resultados est\u00e3o a\u00ed como uma forma de resposta para a gente, enquanto pol\u00edcia. Se n\u00e3o fosse essa correria, n\u00e3o estaria completa&#8221;.<\/div>\n<div>\n<div><\/div>\n<div>Segundo o aspirante a oficial da PM e subcomandante da BCS de Rio Sena, Felipe Gomes, trabalhar com a capit\u00e3 Camila tem sido um grande aprendizado. &#8220;Sobretudo por causa da postura e da forma como ela lida com o projetos que n\u00f3s temos aqui e com a pr\u00f3pria tropa. No trato com as crian\u00e7as, ela tem uma sensibilidade, veio de uma comunidade carente e tem essa rela\u00e7\u00e3o com a popula\u00e7\u00e3o&#8221;, contou o subcomandante.<\/div>\n<div><\/div>\n<div>Diferen\u00e7a de g\u00eanero<\/div>\n<\/div>\n<div><\/div>\n<div>Al\u00e9m do Rio Sena, s\u00e3o comandadas por mulheres as bases da Santa Cruz, Chapada, Fazenda Coutos, Uruguai, Itabuna e Vit\u00f3ria de Conquista. No total, a Bahia possui 17 BCSs. Na avalia\u00e7\u00e3o da capit\u00e3 Sheila Barbosa, comandante da unidade da Santa Cruz, a diferen\u00e7a entre os g\u00eaneros \u00e9 menos acentuada na sociedade atual.<\/div>\n<div>\n<div><\/div>\n<div>&#8220;Hoje a gente sabe que n\u00e3o existe mais a divis\u00e3o ou fun\u00e7\u00e3o espec\u00edfica para as mulheres. N\u00f3s j\u00e1 estamos em todos os postos de trabalho que um dia foram destinados apenas para homens, como as policiais militares, as engenheiras e muitas outras mulheres que j\u00e1 romperam essa barreira&#8221;, diz.<\/div>\n<\/div>\n<\/div>\n","protected":false},"excerpt":{"rendered":"<p>Entre todas as atividades di\u00e1rias de uma dona de casa e de m\u00e3e com um filho pequeno, Camila Soledade tem espa\u00e7o para mais uma ocupa\u00e7\u00e3o. Ela \u00e9 capit\u00e3 da Pol\u00edcia Militar e comanda a Base Comunit\u00e1ria de Seguran\u00e7a (BCS) do bairro do Rio Sena, em Salvador. Na Bahia, outras seis mulheres est\u00e3o \u00e0 frente dessas [&hellip;]<\/p>\n","protected":false},"author":2,"featured_media":0,"comment_status":"open","ping_status":"open","sticky":false,"template":"","format":"standard","meta":{"_links_to":"","_links_to_target":""},"categories":[29,25],"tags":[],"_links":{"self":[{"href":"https:\/\/www.r2cpress.com.br\/v1\/wp-json\/wp\/v2\/posts\/99498"}],"collection":[{"href":"https:\/\/www.r2cpress.com.br\/v1\/wp-json\/wp\/v2\/posts"}],"about":[{"href":"https:\/\/www.r2cpress.com.br\/v1\/wp-json\/wp\/v2\/types\/post"}],"author":[{"embeddable":true,"href":"https:\/\/www.r2cpress.com.br\/v1\/wp-json\/wp\/v2\/users\/2"}],"replies":[{"embeddable":true,"href":"https:\/\/www.r2cpress.com.br\/v1\/wp-json\/wp\/v2\/comments?post=99498"}],"version-history":[{"count":1,"href":"https:\/\/www.r2cpress.com.br\/v1\/wp-json\/wp\/v2\/posts\/99498\/revisions"}],"predecessor-version":[{"id":99500,"href":"https:\/\/www.r2cpress.com.br\/v1\/wp-json\/wp\/v2\/posts\/99498\/revisions\/99500"}],"wp:attachment":[{"href":"https:\/\/www.r2cpress.com.br\/v1\/wp-json\/wp\/v2\/media?parent=99498"}],"wp:term":[{"taxonomy":"category","embeddable":true,"href":"https:\/\/www.r2cpress.com.br\/v1\/wp-json\/wp\/v2\/categories?post=99498"},{"taxonomy":"post_tag","embeddable":true,"href":"https:\/\/www.r2cpress.com.br\/v1\/wp-json\/wp\/v2\/tags?post=99498"}],"curies":[{"name":"wp","href":"https:\/\/api.w.org\/{rel}","templated":true}]}}