{"id":99537,"date":"2016-03-08T13:35:04","date_gmt":"2016-03-08T16:35:04","guid":{"rendered":"http:\/\/www.r2cpress.com.br\/v1\/?p=99537"},"modified":"2016-03-08T13:35:04","modified_gmt":"2016-03-08T16:35:04","slug":"novo-pa-amplia-atendimento-aos-pacientes-com-sintomas-de-doencas-transmitidas-pelo-aedes-aegypti-em-ilheus","status":"publish","type":"post","link":"https:\/\/www.r2cpress.com.br\/v1\/2016\/03\/08\/novo-pa-amplia-atendimento-aos-pacientes-com-sintomas-de-doencas-transmitidas-pelo-aedes-aegypti-em-ilheus\/","title":{"rendered":"Novo PA amplia atendimento aos pacientes com sintomas de doen\u00e7as transmitidas pelo Aedes Aegypti em Ilh\u00e9us"},"content":{"rendered":"<p><em>At\u00e9 o dia 29 de fevereiro, Ilh\u00e9us notificou 1.537 casos de dengue, 1.437 de zica e 703 de chikungunya. Mas as notifica\u00e7\u00f5es est\u00e3o sob investiga\u00e7\u00e3o laboratorial.<\/em><\/p>\n<p><div id=\"attachment_99538\" style=\"width: 310px\" class=\"wp-caption alignleft\"><a href=\"http:\/\/www.r2cpress.com.br\/v1\/wp-content\/uploads\/2016\/03\/Novo-PA-pode-atender-ate-300-pessoas-ao-dia-em-Ilheus-Foto-Alfredo-Filho-Secom-Ilheus-4.jpg\"><img aria-describedby=\"caption-attachment-99538\" loading=\"lazy\" src=\"http:\/\/www.r2cpress.com.br\/v1\/wp-content\/uploads\/2016\/03\/Novo-PA-pode-atender-ate-300-pessoas-ao-dia-em-Ilheus-Foto-Alfredo-Filho-Secom-Ilheus-4.jpg\" alt=\"Novo PA pode atender ate 300 pessoas ao dia em Ilh\u00e9us -  Foto Alfredo Filho Secom Ilh\u00e9us .\" width=\"300\" height=\"200\" class=\"size-full wp-image-99538\" \/><\/a><p id=\"caption-attachment-99538\" class=\"wp-caption-text\">Novo PA pode atender ate 300 pessoas ao dia em Ilh\u00e9us &#8211;  Foto Alfredo Filho Secom Ilh\u00e9us .<\/p><\/div>A secretaria municipal de Sa\u00fade de Ilh\u00e9us instalou, no centro da cidade, mais um Pronto Atendimento (PA) espec\u00edfico para pacientes com sintomas de doen\u00e7as transmitidas pelo Aedes Aegypti. Aberto na \u00faltima quinta-feira, dia 3, o novo PA funciona no antigo pr\u00e9dio da Cl\u00ednica Sacro, na Avenida Vereador Marcus Paiva (antiga Avenida Bahia), com capacidade para atender 300 pessoas por dia. O espa\u00e7o possui 30 leitos para medica\u00e7\u00e3o e aplica\u00e7\u00e3o de soro, com salas climatizadas, e equipe formada por m\u00e9dicos, enfermeiros e t\u00e9cnicos de enfermagem.<\/p>\n<p>Atualmente, a popula\u00e7\u00e3o de Ilh\u00e9us conta com duas unidades de Pronto-Atendimento (PA). O primeiro, aberto em fevereiro, funciona na travessa Santa Isabel, pr\u00f3ximo ao Centro de Conven\u00e7\u00f5es, cuja equipe conta com supervisor, m\u00e9dicos, enfermeiros, t\u00e9cnicos de enfermagem, al\u00e9m de salas de coleta de sorologia e de reidrata\u00e7\u00e3o. Nesse PA, a m\u00e9dia de atendimento di\u00e1ria \u00e9 de 215 pessoas. As duas unidades funcionam de segunda a s\u00e1bado,  das 7 \u00e0s 17 horas, com ambul\u00e2ncia de plant\u00e3o. <\/p>\n<p>Notifica\u00e7\u00f5es &#8211; Segundo informa\u00e7\u00e3o do diretor de Vigil\u00e2ncia \u00e0 Sa\u00fade da Secretaria de Sa\u00fade, Ant\u00f4nio Firmo, at\u00e9 o dia 29 de fevereiro, Ilh\u00e9us notificou 1.537 casos de dengue, 1.437 de zica e 703 de chikungunya. Por\u00e9m, ele ressalta que as notifica\u00e7\u00f5es est\u00e3o sob investiga\u00e7\u00e3o laboratorial. &#8220;As amostras de sangue seguem para o Laborat\u00f3rio Central de Sa\u00fade P\u00fablica professor Gon\u00e7alo Moniz (LACEN-BA), em Salvador, e como a demanda tem sido grande, o tempo de espera para confirmar os casos varia muito&#8221;. Mesmo assim, Firmo afirma que os bairros que demonstram um n\u00famero maior de casos notificados das tr\u00eas doen\u00e7as s\u00e3o a Conquista, Esperan\u00e7a, Malhado e alguns pontos da zona sul.<\/p>\n<p>O secret\u00e1rio de Sa\u00fade de Ilh\u00e9us, Ant\u00f4nio Ock\u00e9, afirma que, embora o governo municipal se esforce no sentido de reduzir os casos de dengue no munic\u00edpio, por meio de sua equipe de endemias, e agora oferecendo dois locais para atendimento \u00e0 popula\u00e7\u00e3o com sintomas de dengue, zika v\u00edrus e chikungunya, &#8220;\u00e9 extremamente importante que a comunidade fa\u00e7a a sua parte e promova, de forma rotineira, faxina nos quintais de suas casas, com o objetivo de acabar com focos de infesta\u00e7\u00e3o no munic\u00edpio&#8221;.<\/p>\n","protected":false},"excerpt":{"rendered":"<p>At\u00e9 o dia 29 de fevereiro, Ilh\u00e9us notificou 1.537 casos de dengue, 1.437 de zica e 703 de chikungunya. Mas as notifica\u00e7\u00f5es est\u00e3o sob investiga\u00e7\u00e3o laboratorial. A secretaria municipal de Sa\u00fade de Ilh\u00e9us instalou, no centro da cidade, mais um Pronto Atendimento (PA) espec\u00edfico para pacientes com sintomas de doen\u00e7as transmitidas pelo Aedes Aegypti. Aberto [&hellip;]<\/p>\n","protected":false},"author":2,"featured_media":0,"comment_status":"open","ping_status":"open","sticky":false,"template":"","format":"standard","meta":{"_links_to":"","_links_to_target":""},"categories":[23,24],"tags":[],"_links":{"self":[{"href":"https:\/\/www.r2cpress.com.br\/v1\/wp-json\/wp\/v2\/posts\/99537"}],"collection":[{"href":"https:\/\/www.r2cpress.com.br\/v1\/wp-json\/wp\/v2\/posts"}],"about":[{"href":"https:\/\/www.r2cpress.com.br\/v1\/wp-json\/wp\/v2\/types\/post"}],"author":[{"embeddable":true,"href":"https:\/\/www.r2cpress.com.br\/v1\/wp-json\/wp\/v2\/users\/2"}],"replies":[{"embeddable":true,"href":"https:\/\/www.r2cpress.com.br\/v1\/wp-json\/wp\/v2\/comments?post=99537"}],"version-history":[{"count":1,"href":"https:\/\/www.r2cpress.com.br\/v1\/wp-json\/wp\/v2\/posts\/99537\/revisions"}],"predecessor-version":[{"id":99539,"href":"https:\/\/www.r2cpress.com.br\/v1\/wp-json\/wp\/v2\/posts\/99537\/revisions\/99539"}],"wp:attachment":[{"href":"https:\/\/www.r2cpress.com.br\/v1\/wp-json\/wp\/v2\/media?parent=99537"}],"wp:term":[{"taxonomy":"category","embeddable":true,"href":"https:\/\/www.r2cpress.com.br\/v1\/wp-json\/wp\/v2\/categories?post=99537"},{"taxonomy":"post_tag","embeddable":true,"href":"https:\/\/www.r2cpress.com.br\/v1\/wp-json\/wp\/v2\/tags?post=99537"}],"curies":[{"name":"wp","href":"https:\/\/api.w.org\/{rel}","templated":true}]}}