{"id":99555,"date":"2016-03-08T22:27:47","date_gmt":"2016-03-09T01:27:47","guid":{"rendered":"http:\/\/www.r2cpress.com.br\/v1\/?p=99555"},"modified":"2016-03-08T22:27:47","modified_gmt":"2016-03-09T01:27:47","slug":"prefeitura-de-ilheus-35","status":"publish","type":"post","link":"https:\/\/www.r2cpress.com.br\/v1\/2016\/03\/08\/prefeitura-de-ilheus-35\/","title":{"rendered":"Prefeitura de Ilh\u00e9us"},"content":{"rendered":"<h2 style=\"text-align: center;\"><span style=\"color: #000000;\"><strong>Nota P\u00fablica<\/strong><\/span><\/h2>\n<p>Considerando a decis\u00e3o tomada pela C\u00e2mara Municipal de Ilh\u00e9us, na sess\u00e3o ordin\u00e1ria realizada na tarde desta ter\u00e7a-feira, dia 8 de mar\u00e7o, de n\u00e3o aprova\u00e7\u00e3o dos vetos apresentados ao projeto de lei que institui o Estatuto do Servidor P\u00fablico, o prefeito Jabes Ribeiro declarou que recebeu a not\u00edcia com respeito aos princ\u00edpios democr\u00e1ticos, apesar dos graves preju\u00edzos de ordem financeira que advir\u00e3o para o Munic\u00edpio.<\/p>\n<p>O prefeito disse que prop\u00f4s os vetos obedecendo aos princ\u00edpios jur\u00eddicos e da responsabilidade p\u00fablica. E que a decis\u00e3o da C\u00e2mara coloca em risco, inclusive, o pagamento em dia dos sal\u00e1rios dos servidores, como vem fazendo desde o in\u00edcio da gest\u00e3o.<\/p>\n<p>Nesse sentido, afirma que j\u00e1 autorizou \u00e0 Procuradoria Geral (Proger) ingressar com A\u00e7\u00e3o de Inconstitucionalidade a fim de reparar a decis\u00e3o pol\u00edtica da C\u00e2mara Municipal de Ilh\u00e9us em rela\u00e7\u00e3o a essa mat\u00e9ria.<\/p>\n<p style=\"text-align: center;\">Ilh\u00e9us, 08 de mar\u00e7o de 2016.<\/p>\n","protected":false},"excerpt":{"rendered":"<p>Nota P\u00fablica Considerando a decis\u00e3o tomada pela C\u00e2mara Municipal de Ilh\u00e9us, na sess\u00e3o ordin\u00e1ria realizada na tarde desta ter\u00e7a-feira, dia 8 de mar\u00e7o, de n\u00e3o aprova\u00e7\u00e3o dos vetos apresentados ao projeto de lei que institui o Estatuto do Servidor P\u00fablico, o prefeito Jabes Ribeiro declarou que recebeu a not\u00edcia com respeito aos princ\u00edpios democr\u00e1ticos, apesar [&hellip;]<\/p>\n","protected":false},"author":2,"featured_media":0,"comment_status":"open","ping_status":"open","sticky":false,"template":"","format":"standard","meta":{"_links_to":"","_links_to_target":""},"categories":[23],"tags":[],"_links":{"self":[{"href":"https:\/\/www.r2cpress.com.br\/v1\/wp-json\/wp\/v2\/posts\/99555"}],"collection":[{"href":"https:\/\/www.r2cpress.com.br\/v1\/wp-json\/wp\/v2\/posts"}],"about":[{"href":"https:\/\/www.r2cpress.com.br\/v1\/wp-json\/wp\/v2\/types\/post"}],"author":[{"embeddable":true,"href":"https:\/\/www.r2cpress.com.br\/v1\/wp-json\/wp\/v2\/users\/2"}],"replies":[{"embeddable":true,"href":"https:\/\/www.r2cpress.com.br\/v1\/wp-json\/wp\/v2\/comments?post=99555"}],"version-history":[{"count":1,"href":"https:\/\/www.r2cpress.com.br\/v1\/wp-json\/wp\/v2\/posts\/99555\/revisions"}],"predecessor-version":[{"id":99556,"href":"https:\/\/www.r2cpress.com.br\/v1\/wp-json\/wp\/v2\/posts\/99555\/revisions\/99556"}],"wp:attachment":[{"href":"https:\/\/www.r2cpress.com.br\/v1\/wp-json\/wp\/v2\/media?parent=99555"}],"wp:term":[{"taxonomy":"category","embeddable":true,"href":"https:\/\/www.r2cpress.com.br\/v1\/wp-json\/wp\/v2\/categories?post=99555"},{"taxonomy":"post_tag","embeddable":true,"href":"https:\/\/www.r2cpress.com.br\/v1\/wp-json\/wp\/v2\/tags?post=99555"}],"curies":[{"name":"wp","href":"https:\/\/api.w.org\/{rel}","templated":true}]}}