{"id":99573,"date":"2016-03-09T14:07:28","date_gmt":"2016-03-09T17:07:28","guid":{"rendered":"http:\/\/www.r2cpress.com.br\/v1\/?p=99573"},"modified":"2016-03-09T14:07:28","modified_gmt":"2016-03-09T17:07:28","slug":"69acipm-ilheus-zona-sul","status":"publish","type":"post","link":"https:\/\/www.r2cpress.com.br\/v1\/2016\/03\/09\/69acipm-ilheus-zona-sul\/","title":{"rendered":"69\u00aaCIPM \u2013 ILH\u00c9US ZONA SUL"},"content":{"rendered":"<h2 style=\"text-align: center;\"><span style=\"color: #000000;\"><strong>POL\u00cdCIA MILITAR DA BAHIA<\/strong><\/span><\/h2>\n<p style=\"text-align: center;\"><strong>COMANDO DE OPERA\u00c7\u00d5ES DE INTELIG\u00caNCIA<\/strong><\/p>\n<p style=\"text-align: center;\"><strong>COMANDO DE POLICIAMENTO REGIONAL SUL<\/strong><\/p>\n<p style=\"text-align: center;\"><strong>69\u00aaCIPM \u2013 ILH\u00c9US ZONA SUL<\/strong><\/p>\n<p style=\"text-align: center;\"><strong>SE\u00c7\u00c3O DE OPERA\u00c7\u00d5ES DE INTELIG\u00caNCIA<\/strong><\/p>\n<p><strong>\u00a0<\/strong><\/p>\n<p><strong>\u00a0<\/strong><strong>RELEASE DE OCORR\u00caNCIAS N\u00ba002\/2016\/69\u00aaCIPM\/SOI<\/strong><\/p>\n<p><strong>09 DE MAR\u00c7O DE 2016<\/strong><\/p>\n<p style=\"text-align: center;\"><strong>\u00a0<\/strong><strong>PORTE ILEGAL DE ARMA DE FOGO NO ILH\u00c9US II<\/strong><\/p>\n<div id=\"attachment_99574\" style=\"width: 610px\" class=\"wp-caption aligncenter\"><a href=\"http:\/\/www.r2cpress.com.br\/v1\/wp-content\/uploads\/2016\/03\/69_Zona-Sul.jpg\"><img aria-describedby=\"caption-attachment-99574\" loading=\"lazy\" class=\"size-full wp-image-99574\" src=\"http:\/\/www.r2cpress.com.br\/v1\/wp-content\/uploads\/2016\/03\/69_Zona-Sul.jpg\" alt=\"69_Zona Sul\" width=\"600\" height=\"338\" srcset=\"https:\/\/www.r2cpress.com.br\/v1\/wp-content\/uploads\/2016\/03\/69_Zona-Sul.jpg 600w, https:\/\/www.r2cpress.com.br\/v1\/wp-content\/uploads\/2016\/03\/69_Zona-Sul-300x169.jpg 300w\" sizes=\"(max-width: 600px) 100vw, 600px\" \/><\/a><p id=\"caption-attachment-99574\" class=\"wp-caption-text\">69_Zona Sul<\/p><\/div>\n<p>Por volta das 12h20min do dia 08\/03\/2016, a CICON ligou informando que havia um indiv\u00edduo portando arma de fogo em via p\u00fablica no bairro do Ilh\u00e9us II, Zona Sul de Ilh\u00e9us. A VTR empregada na Opera\u00e7\u00e3o Macuco com policiais da 69\u00aa CIPM, ap\u00f3s rondas no local, encontrou J. J. M., adolescente, que admitiu ter estado armado e que havia escondido a arma enterrada no quintal de sua resid\u00eancia. Os policiais ent\u00e3o deslocaram at\u00e9 o local indicado e encontraram 01 rev\u00f3lver cal. 38, com 05 cartuchos intactos e 01 pistola cal. 09mm, com 04 cartuchos intactos. O menor foi apreendido e encaminhado para a delegacia, onde, juntamente com os seus respons\u00e1veis, ficou \u00e0 disposi\u00e7\u00e3o da Justi\u00e7a para prestar esclarecimentos.<\/p>\n","protected":false},"excerpt":{"rendered":"<p>POL\u00cdCIA MILITAR DA BAHIA COMANDO DE OPERA\u00c7\u00d5ES DE INTELIG\u00caNCIA COMANDO DE POLICIAMENTO REGIONAL SUL 69\u00aaCIPM \u2013 ILH\u00c9US ZONA SUL SE\u00c7\u00c3O DE OPERA\u00c7\u00d5ES DE INTELIG\u00caNCIA \u00a0 \u00a0RELEASE DE OCORR\u00caNCIAS N\u00ba002\/2016\/69\u00aaCIPM\/SOI 09 DE MAR\u00c7O DE 2016 \u00a0PORTE ILEGAL DE ARMA DE FOGO NO ILH\u00c9US II Por volta das 12h20min do dia 08\/03\/2016, a CICON ligou informando que [&hellip;]<\/p>\n","protected":false},"author":2,"featured_media":0,"comment_status":"open","ping_status":"open","sticky":false,"template":"","format":"standard","meta":{"_links_to":"","_links_to_target":""},"categories":[25],"tags":[],"_links":{"self":[{"href":"https:\/\/www.r2cpress.com.br\/v1\/wp-json\/wp\/v2\/posts\/99573"}],"collection":[{"href":"https:\/\/www.r2cpress.com.br\/v1\/wp-json\/wp\/v2\/posts"}],"about":[{"href":"https:\/\/www.r2cpress.com.br\/v1\/wp-json\/wp\/v2\/types\/post"}],"author":[{"embeddable":true,"href":"https:\/\/www.r2cpress.com.br\/v1\/wp-json\/wp\/v2\/users\/2"}],"replies":[{"embeddable":true,"href":"https:\/\/www.r2cpress.com.br\/v1\/wp-json\/wp\/v2\/comments?post=99573"}],"version-history":[{"count":1,"href":"https:\/\/www.r2cpress.com.br\/v1\/wp-json\/wp\/v2\/posts\/99573\/revisions"}],"predecessor-version":[{"id":99575,"href":"https:\/\/www.r2cpress.com.br\/v1\/wp-json\/wp\/v2\/posts\/99573\/revisions\/99575"}],"wp:attachment":[{"href":"https:\/\/www.r2cpress.com.br\/v1\/wp-json\/wp\/v2\/media?parent=99573"}],"wp:term":[{"taxonomy":"category","embeddable":true,"href":"https:\/\/www.r2cpress.com.br\/v1\/wp-json\/wp\/v2\/categories?post=99573"},{"taxonomy":"post_tag","embeddable":true,"href":"https:\/\/www.r2cpress.com.br\/v1\/wp-json\/wp\/v2\/tags?post=99573"}],"curies":[{"name":"wp","href":"https:\/\/api.w.org\/{rel}","templated":true}]}}