{"id":99969,"date":"2016-03-30T16:14:38","date_gmt":"2016-03-30T19:14:38","guid":{"rendered":"http:\/\/www.r2cpress.com.br\/v1\/?p=99969"},"modified":"2016-03-30T19:20:16","modified_gmt":"2016-03-30T22:20:16","slug":"ilheus-jardim-savoia-abandonado-pelo-poder-publico","status":"publish","type":"post","link":"https:\/\/www.r2cpress.com.br\/v1\/2016\/03\/30\/ilheus-jardim-savoia-abandonado-pelo-poder-publico\/","title":{"rendered":"ILH\u00c9US \/ Jardim Savoia abandonado pelo poder p\u00fablico"},"content":{"rendered":"<h1 style=\"text-align: center;\"><span style=\"color: #000000;\"><strong>Indigna\u00e7\u00e3o!<\/strong><\/span><\/h1>\n<p>Porque o poder p\u00fablico municipal abandona o bairro<strong>\u00a0Jardim Sav\u00f3ia<\/strong>? N\u00f3s moradores j\u00e1 a muito tempo, continuamos a n\u00e3o entender por que tal comportamento! Soubemos que o prefeito tem im\u00f3vel aqui ? mora ? ou morou? Comenta-se tamb\u00e9m, que nunca o viram passando de autom\u00f3vel por aqui, qui\u00e7\u00e1 caminhando nas avenidas do bairro. Acredito, ter medo de ser questionado pelos moradores cara a cara.O bairro est\u00e1 um abandono, quando chove \u00e9 um problema,n\u00e3o temos rede de \u00e1gua pluvial, buracos na pista, falta de pavimenta\u00e7\u00e3o de algumas transversais, \u00e1rvores precisando de poda de rebaixamento, passeios quebrados, sem servi\u00e7o di\u00e1rio de varri\u00e7\u00e3o, meio fio cheio de mato, ilumina\u00e7\u00e3o prec\u00e1ria. Ser\u00e1 que os valorosos IPTU\u2019S e TIP pago pelos moradores, n\u00e3o chegam aos cofres da prefeitura? Uma construtora e incorporadora recentemente est\u00e1 construindo um empreendimento aqui, que acredito, ir\u00e1 contribuir com o aumento substancial de moradores, mas observo, que o gestor municipal n\u00e3o se preocupa e n\u00e3o est\u00e1 nem a\u00ed para melhorar a infraestrutura do bairro?. Prefeito! Precisamos uma provid\u00eancia imediata com rela\u00e7\u00e3o aos fatos relatados, no m\u00ednimo, os essenciais servi\u00e7os urbanos que \u00e9 de total responsabilidade da prefeitura.<br \/>\nUma empresa distribuidora de energia, est\u00e1 concluindo a implanta\u00e7\u00e3o da amplia\u00e7\u00e3o de rede de alta tens\u00e3o(138KVA) para a cidade, vindo do distrito industrial e passando pelo bairro, com postes imensos e cabos a\u00e9reos que \u00e9 um absurdo em dias de hoje, motivo de indigna\u00e7\u00e3o da maioria dos moradores.<br \/>\nComo j\u00e1 existe o dito: Contra foto n\u00e3o h\u00e1 argumento, segue as fotos recentes do bairro, mostrando a verdadeira situa\u00e7\u00e3o em que ele se encontra. Vale salientar, que o bairro Jardim Sav\u00f3ia, compreende as avenidas: Proclama\u00e7\u00e3o(Atual S\u00e1 Barreto),Rio Almada, Central (Atual Jos\u00e9 Luis da Fonseca), Itacanoeira e transversais.<\/p>\n<p style=\"text-align: center;\"><span style=\"color: #000000;\"><strong>Com a palavra os moradores do bairro e representantes da prefeitura, que queiram se manifestar.<\/strong><\/span><\/p>\n<p style=\"text-align: center;\"><span style=\"color: #000000;\"><strong>Eduardo C. Silva<\/strong><\/span><\/p>\n<p><center><span style=\"color: #000000;\"><strong><iframe loading=\"lazy\" style=\"border: 1px solid #CCC; border-width: 1px; margin-bottom: 5px; max-width: 100%;\" src=\"\/\/www.slideshare.net\/slideshow\/embed_code\/key\/lrfznOiUnPHB0x\" width=\"572\" height=\"612\" frameborder=\"0\" marginwidth=\"0\" marginheight=\"0\" scrolling=\"no\" allowfullscreen=\"allowfullscreen\"> <\/iframe><\/strong><\/span><\/center><\/p>\n<div style=\"margin-bottom: 5px;\"><strong> <a title=\"Jardim Sav\u00f3ia (Ilh\u00e9us) Indigna\u00e7\u00e3o dos moradores 30 03 2016\" href=\"\/\/www.slideshare.net\/r2cpress\/jardim-savia-ilhus-indignao-dos-moradores-30-03-2016\" target=\"_blank\">Jardim Sav\u00f3ia (Ilh\u00e9us) Indigna\u00e7\u00e3o dos moradores 30 03 2016<\/a> <\/strong> from <strong><a href=\"\/\/www.slideshare.net\/r2cpress\" target=\"_blank\">Roberto Rabat Chame<\/a><\/strong><\/div>\n<p><strong>PARA LER EM TELA CHEIA CLIQUE NAS DUAS SETINHAS.<\/strong><\/p>\n<p>&nbsp;<\/p>\n","protected":false},"excerpt":{"rendered":"<p>Indigna\u00e7\u00e3o! Porque o poder p\u00fablico municipal abandona o bairro\u00a0Jardim Sav\u00f3ia? N\u00f3s moradores j\u00e1 a muito tempo, continuamos a n\u00e3o entender por que tal comportamento! Soubemos que o prefeito tem im\u00f3vel aqui ? mora ? ou morou? Comenta-se tamb\u00e9m, que nunca o viram passando de autom\u00f3vel por aqui, qui\u00e7\u00e1 caminhando nas avenidas do bairro. Acredito, ter [&hellip;]<\/p>\n","protected":false},"author":2,"featured_media":0,"comment_status":"open","ping_status":"open","sticky":false,"template":"","format":"standard","meta":{"_links_to":"","_links_to_target":""},"categories":[10],"tags":[],"_links":{"self":[{"href":"https:\/\/www.r2cpress.com.br\/v1\/wp-json\/wp\/v2\/posts\/99969"}],"collection":[{"href":"https:\/\/www.r2cpress.com.br\/v1\/wp-json\/wp\/v2\/posts"}],"about":[{"href":"https:\/\/www.r2cpress.com.br\/v1\/wp-json\/wp\/v2\/types\/post"}],"author":[{"embeddable":true,"href":"https:\/\/www.r2cpress.com.br\/v1\/wp-json\/wp\/v2\/users\/2"}],"replies":[{"embeddable":true,"href":"https:\/\/www.r2cpress.com.br\/v1\/wp-json\/wp\/v2\/comments?post=99969"}],"version-history":[{"count":4,"href":"https:\/\/www.r2cpress.com.br\/v1\/wp-json\/wp\/v2\/posts\/99969\/revisions"}],"predecessor-version":[{"id":99973,"href":"https:\/\/www.r2cpress.com.br\/v1\/wp-json\/wp\/v2\/posts\/99969\/revisions\/99973"}],"wp:attachment":[{"href":"https:\/\/www.r2cpress.com.br\/v1\/wp-json\/wp\/v2\/media?parent=99969"}],"wp:term":[{"taxonomy":"category","embeddable":true,"href":"https:\/\/www.r2cpress.com.br\/v1\/wp-json\/wp\/v2\/categories?post=99969"},{"taxonomy":"post_tag","embeddable":true,"href":"https:\/\/www.r2cpress.com.br\/v1\/wp-json\/wp\/v2\/tags?post=99969"}],"curies":[{"name":"wp","href":"https:\/\/api.w.org\/{rel}","templated":true}]}}