{"id":99974,"date":"2016-03-30T19:28:40","date_gmt":"2016-03-30T22:28:40","guid":{"rendered":"http:\/\/www.r2cpress.com.br\/v1\/?p=99974"},"modified":"2016-03-30T19:28:40","modified_gmt":"2016-03-30T22:28:40","slug":"nem-ponte-nem-praia","status":"publish","type":"post","link":"https:\/\/www.r2cpress.com.br\/v1\/2016\/03\/30\/nem-ponte-nem-praia\/","title":{"rendered":"NEM PONTE NEM PRAIA"},"content":{"rendered":"<p><em><strong>Por: Luciano \u201cP\u00edupa\u201d Amaral<\/strong><\/em><\/p>\n<div id=\"attachment_99975\" style=\"width: 610px\" class=\"wp-caption aligncenter\"><a href=\"http:\/\/www.r2cpress.com.br\/v1\/wp-content\/uploads\/2016\/03\/praia-da-maramata.jpg\"><img aria-describedby=\"caption-attachment-99975\" loading=\"lazy\" class=\"size-full wp-image-99975\" src=\"http:\/\/www.r2cpress.com.br\/v1\/wp-content\/uploads\/2016\/03\/praia-da-maramata.jpg\" alt=\"Praia_Maramata\" width=\"600\" height=\"338\" srcset=\"https:\/\/www.r2cpress.com.br\/v1\/wp-content\/uploads\/2016\/03\/praia-da-maramata.jpg 600w, https:\/\/www.r2cpress.com.br\/v1\/wp-content\/uploads\/2016\/03\/praia-da-maramata-300x169.jpg 300w\" sizes=\"(max-width: 600px) 100vw, 600px\" \/><\/a><p id=\"caption-attachment-99975\" class=\"wp-caption-text\">Praia_Maramata<\/p><\/div>\n<p>Domingo, nove da manh\u00e3. Blocos de nuvens espalhadas pelo c\u00e9u azul refletiam sobre as \u00e1guas paradas na Ba\u00eda do Pontal. Barcos estacionados e enfileirados pr\u00f3ximos a Orla Lomanto Junior deixavam a paisagem ainda mais exuberante antes do sol come\u00e7ar a esquentar. Peguei minha bike, e fui dar uma volta e parei na banca de jornal para comprar uma revista.<\/p>\n<p>O dia estava perfeito, mas quando olhei em dire\u00e7\u00e3o a Prainha e vi toda a bagun\u00e7a que estava por l\u00e1 desanimei. O cen\u00e1rio era de destrui\u00e7\u00e3o. Meu amigo jornaleiro havia me informado que h\u00e1 poucos minutos as balsas que estavam ali tinham acabado de partir.<\/p>\n<p>Por um segundo voltei ao tempo e comecei a ver as pessoas chegando e se acomodando sobre a areia fofa e branca daquele lugar. Homens jogavam bola, as mulheres tomavam banho de sol. As crian\u00e7as se espalhavam na beira da \u00e1gua salgada que vinha do mar, beirando o Morro do Pernambuco, misturando-se com \u00e1s \u00e1guas doces do Rio Cachoeira e indo em dire\u00e7\u00e3o \u00e0 Sapetinga onde da para ver o sol deslizar por tr\u00e1s do mangue.<\/p>\n<p>Tinha gente que encostavam seus carros, ligavam o som, acendiam a churrasqueiras e tomavam umas cervejinhas at\u00e9 o entardecer. A prainha era s\u00f3 festa!<\/p>\n<p>Volto \u00e0 realidade e vejo que os bons tempos ficaram mesmos para tr\u00e1s. Por conta da constru\u00e7\u00e3o da ponte, alguns moradores tiveram que vender suas casas, comerciantes at\u00e9 hoje se queixam do movimento e o mais grave foram os oper\u00e1rios que perderam suas vidas.<\/p>\n<p>Fa\u00e7o a volta pela f\u00e1brica de gelo pr\u00f3ximo \u00e0 banca e pedado para ver o estrago de perto.<\/p>\n<p>A rua coberta de barro, a pra\u00e7a cheia de lixo, e em volta um monte de areia suja, mato e po\u00e7as de \u00e1gua encardida.<\/p>\n<p>Diante desse caos, tiro meu celular do bolso e registro \u00e0 placa enferrujada que infelizmente informava&#8230; PRAIA DA MARAMATA.<\/p>\n","protected":false},"excerpt":{"rendered":"<p>Por: Luciano \u201cP\u00edupa\u201d Amaral Domingo, nove da manh\u00e3. Blocos de nuvens espalhadas pelo c\u00e9u azul refletiam sobre as \u00e1guas paradas na Ba\u00eda do Pontal. Barcos estacionados e enfileirados pr\u00f3ximos a Orla Lomanto Junior deixavam a paisagem ainda mais exuberante antes do sol come\u00e7ar a esquentar. Peguei minha bike, e fui dar uma volta e parei [&hellip;]<\/p>\n","protected":false},"author":2,"featured_media":0,"comment_status":"open","ping_status":"open","sticky":false,"template":"","format":"standard","meta":{"_links_to":"","_links_to_target":""},"categories":[10],"tags":[],"_links":{"self":[{"href":"https:\/\/www.r2cpress.com.br\/v1\/wp-json\/wp\/v2\/posts\/99974"}],"collection":[{"href":"https:\/\/www.r2cpress.com.br\/v1\/wp-json\/wp\/v2\/posts"}],"about":[{"href":"https:\/\/www.r2cpress.com.br\/v1\/wp-json\/wp\/v2\/types\/post"}],"author":[{"embeddable":true,"href":"https:\/\/www.r2cpress.com.br\/v1\/wp-json\/wp\/v2\/users\/2"}],"replies":[{"embeddable":true,"href":"https:\/\/www.r2cpress.com.br\/v1\/wp-json\/wp\/v2\/comments?post=99974"}],"version-history":[{"count":1,"href":"https:\/\/www.r2cpress.com.br\/v1\/wp-json\/wp\/v2\/posts\/99974\/revisions"}],"predecessor-version":[{"id":99976,"href":"https:\/\/www.r2cpress.com.br\/v1\/wp-json\/wp\/v2\/posts\/99974\/revisions\/99976"}],"wp:attachment":[{"href":"https:\/\/www.r2cpress.com.br\/v1\/wp-json\/wp\/v2\/media?parent=99974"}],"wp:term":[{"taxonomy":"category","embeddable":true,"href":"https:\/\/www.r2cpress.com.br\/v1\/wp-json\/wp\/v2\/categories?post=99974"},{"taxonomy":"post_tag","embeddable":true,"href":"https:\/\/www.r2cpress.com.br\/v1\/wp-json\/wp\/v2\/tags?post=99974"}],"curies":[{"name":"wp","href":"https:\/\/api.w.org\/{rel}","templated":true}]}}